{"id":40844,"date":"2016-09-09T19:07:56","date_gmt":"2016-09-10T00:07:56","guid":{"rendered":"http:\/\/lamendigapolitica.com\/blog\/?p=40844"},"modified":"2016-09-09T19:07:56","modified_gmt":"2016-09-10T00:07:56","slug":"jalisco-sigue-la-agenda-de-competitividad","status":"publish","type":"post","link":"https:\/\/lamendigapolitica.com\/?p=40844","title":{"rendered":"Jalisco sigue la agenda de competitividad"},"content":{"rendered":"<p><a href=\"https:\/\/lamendigapolitica.com\/blog\/blog\/wp-content\/uploads\/2016\/09\/29532145746_bf50bb0a50_z.jpg\" rel=\"attachment wp-att-40845\"><img loading=\"lazy\" decoding=\"async\" class=\"aligncenter  wp-image-40845\" src=\"https:\/\/lamendigapolitica.com\/blog\/blog\/wp-content\/uploads\/2016\/09\/29532145746_bf50bb0a50_z.jpg\" alt=\"29532145746_bf50bb0a50_z\" width=\"378\" height=\"240\" srcset=\"https:\/\/lamendigapolitica.com\/wp-content\/uploads\/2016\/09\/29532145746_bf50bb0a50_z.jpg 640w, https:\/\/lamendigapolitica.com\/wp-content\/uploads\/2016\/09\/29532145746_bf50bb0a50_z-300x190.jpg 300w\" sizes=\"auto, (max-width: 378px) 100vw, 378px\" \/><\/a><\/p>\n<p>&nbsp;<\/p>\n<p>Jalisco se convertir\u00e1 pr\u00f3ximamente en el centro del negocio del calzado, se\u00f1al\u00f3 el Gobernador del Estado, Arist\u00f3teles Sandoval, al referirse a los empresarios que participaron en la inauguraci\u00f3n de la Segunda Convenci\u00f3n de Industriales de la entidad, en Puerto Vallarta, mencion\u00f3 que hoy, tras tres a\u00f1os de negociaci\u00f3n, en el estado se lleva a cabo la producci\u00f3n del calzado Nike con la empresa Flex, producto de la agenda de competitividad que comparte la actual administraci\u00f3n con el sector privado.<\/p>\n<p>&nbsp;<\/p>\n<p>\u201cHoy seguramente Jalisco volver\u00e1 a ser el centro del negocio del calzado del pa\u00eds y seguir\u00e1 atrayendo al mundo, \u00bfpor qu\u00e9? porque le apostamos a la innovaci\u00f3n, porque todos estamos hablando el mismo idioma, porque desde el inicio nos trazamos una agenda en materia de competitividad y productividad a trav\u00e9s del modelo triple h\u00e9lice\u201d e indic\u00f3 que continuar\u00e1 el trabajo con los empresarios para mejorar las condiciones del salario m\u00ednimo y continuar invirtiendo en infraestructura que permita continuar con el crecimiento de Jalisco, adem\u00e1s de dar seguimiento a la agenda medioambiental con los industriales y el sector p\u00fablico.<\/p>\n<p>&nbsp;<\/p>\n<p>Durante la ceremonia de inauguraci\u00f3n de esta convenci\u00f3n, el mandatario estatal, Arist\u00f3teles Sandoval, aprovech\u00f3 para reconocer el trabajo de quien fuera el Secretario Hacienda y Cr\u00e9dito P\u00fablico, Luis Videgaray Caso, a quien destac\u00f3 como pieza clave del desarrollo del Estado de Jalisco durante su gesti\u00f3n, pues impuls\u00f3 la construcci\u00f3n de la\u00a0 magna obra de esta administraci\u00f3n, la L\u00ednea 3 del Sistema del Tren El\u00e9ctrico Urbano.<\/p>\n","protected":false},"excerpt":{"rendered":"<p>&nbsp; Jalisco se convertir\u00e1 pr\u00f3ximamente en el centro del negocio del calzado, se\u00f1al\u00f3 el Gobernador del Estado, Arist\u00f3teles Sandoval, al referirse a los empresarios que participaron en la inauguraci\u00f3n de la Segunda Convenci\u00f3n de Industriales de la entidad, en Puerto Vallarta, mencion\u00f3 que hoy, tras tres a\u00f1os de negociaci\u00f3n, en el estado se lleva a &hellip; <\/p>\n<p><a class=\"more-link btn\" href=\"https:\/\/lamendigapolitica.com\/?p=40844\">Seguir leyendo<\/a><\/p>\n","protected":false},"author":1,"featured_media":0,"comment_status":"open","ping_status":"closed","sticky":false,"template":"","format":"standard","meta":{"footnotes":""},"categories":[6,30,20,5,3],"tags":[],"class_list":["post-40844","post","type-post","status-publish","format-standard","hentry","category-congreso","category-economia","category-gobierno","category-partidos","category-politica","item-wrap"],"_links":{"self":[{"href":"https:\/\/lamendigapolitica.com\/index.php?rest_route=\/wp\/v2\/posts\/40844","targetHints":{"allow":["GET"]}}],"collection":[{"href":"https:\/\/lamendigapolitica.com\/index.php?rest_route=\/wp\/v2\/posts"}],"about":[{"href":"https:\/\/lamendigapolitica.com\/index.php?rest_route=\/wp\/v2\/types\/post"}],"author":[{"embeddable":true,"href":"https:\/\/lamendigapolitica.com\/index.php?rest_route=\/wp\/v2\/users\/1"}],"replies":[{"embeddable":true,"href":"https:\/\/lamendigapolitica.com\/index.php?rest_route=%2Fwp%2Fv2%2Fcomments&post=40844"}],"version-history":[{"count":1,"href":"https:\/\/lamendigapolitica.com\/index.php?rest_route=\/wp\/v2\/posts\/40844\/revisions"}],"predecessor-version":[{"id":40846,"href":"https:\/\/lamendigapolitica.com\/index.php?rest_route=\/wp\/v2\/posts\/40844\/revisions\/40846"}],"wp:attachment":[{"href":"https:\/\/lamendigapolitica.com\/index.php?rest_route=%2Fwp%2Fv2%2Fmedia&parent=40844"}],"wp:term":[{"taxonomy":"category","embeddable":true,"href":"https:\/\/lamendigapolitica.com\/index.php?rest_route=%2Fwp%2Fv2%2Fcategories&post=40844"},{"taxonomy":"post_tag","embeddable":true,"href":"https:\/\/lamendigapolitica.com\/index.php?rest_route=%2Fwp%2Fv2%2Ftags&post=40844"}],"curies":[{"name":"wp","href":"https:\/\/api.w.org\/{rel}","templated":true}]}}