{"id":40836,"date":"2016-09-09T18:51:30","date_gmt":"2016-09-09T23:51:30","guid":{"rendered":"http:\/\/lamendigapolitica.com\/blog\/?p=40836"},"modified":"2016-09-09T18:51:30","modified_gmt":"2016-09-09T23:51:30","slug":"llenan-de-rock-fraterno-los-big-boys-los-oidos-y-el-corazon","status":"publish","type":"post","link":"https:\/\/lamendigapolitica.com\/?p=40836","title":{"rendered":"Llenan de rock fraterno Los Big Boys los o\u00eddos y el coraz\u00f3n"},"content":{"rendered":"<p><a href=\"https:\/\/lamendigapolitica.com\/blog\/blog\/wp-content\/uploads\/2016\/09\/29262899370_6c5030e72e_z.jpg\" rel=\"attachment wp-att-40839\"><img loading=\"lazy\" decoding=\"async\" class=\"aligncenter  wp-image-40839\" src=\"https:\/\/lamendigapolitica.com\/blog\/blog\/wp-content\/uploads\/2016\/09\/29262899370_6c5030e72e_z.jpg\" alt=\"29262899370_6c5030e72e_z\" width=\"359\" height=\"240\" srcset=\"https:\/\/lamendigapolitica.com\/wp-content\/uploads\/2016\/09\/29262899370_6c5030e72e_z.jpg 640w, https:\/\/lamendigapolitica.com\/wp-content\/uploads\/2016\/09\/29262899370_6c5030e72e_z-300x201.jpg 300w\" sizes=\"auto, (max-width: 359px) 100vw, 359px\" \/><\/a><\/p>\n<p>&nbsp;<\/p>\n<p>Todo un acontecimiento result\u00f3 la presentaci\u00f3n de \u201cLos Big Boys\u201d en Zapopan . El patio central del Palacio Municipal se llen\u00f3 con las notas musicales de la agrupaci\u00f3n \u201cLos Big Boys\u201d, la primera banda de rock tapat\u00eda, en la que la mayor\u00eda de sus integrantes tienen distrofia muscular y encuentran en la m\u00fasica el medio perfecto para contar historias, as\u00ed como encontrar libertad, diversi\u00f3n, cercan\u00eda y empat\u00eda.<\/p>\n<p>&nbsp;<\/p>\n<p>\u201c\u2019Los Big Boys\u2019 son extraordinarios m\u00fasicos y yo creo que lo mejor que puedo decir es que los admiro mucho, enhorabuena, y demuestren aqu\u00ed todo su talento. Bienvenidos \u2018Los Big Boys\u2019 a Zapopan\u201d, afirm\u00f3 Pablo Lemus, Presidente Municipal de Zapopan, durante el saludo que brind\u00f3 ayer a los muchachos en las instalaciones del Palacio Municipal.<\/p>\n<p>&nbsp;<\/p>\n<p>Esta presentaci\u00f3n se realiz\u00f3 a beneficio del Centro de Autismo, a cargo del Sistema para el Desarrollo Integral de la Familia, DIF Zapopan, para la atenci\u00f3n de los ni\u00f1os y j\u00f3venes del municipio con Trastorno del Espectro Autista (TEA). Adem\u00e1s, una parte de la suma recaudada ser\u00e1 destinada para realizar mejoramiento en el equipamiento m\u00e9dico que requieren los miembros de esta agrupaci\u00f3n.<\/p>\n<p>&nbsp;<\/p>\n<p>Durante hora y media de concierto, \u201cLos Big Boys\u201d deleitaron a los zapopanos con un amplio repertorio de canciones de rock, tanto en ingl\u00e9s como espa\u00f1ol. \u201cUn saludo muy especial y mi felicitaci\u00f3n a la presentaci\u00f3n de los miembros del grupo Los Big Boys: Gerardo, Juan \u00c1ngel, Juan Manuel, Carlos, Juan Luis y \u00d3scar, que pese a todas las adversidades han salido a hacer su sue\u00f1o posible\u201d, dijo Maye Villa, Presidenta del Sistema de Desarrollo Integral de la Familia, DIF Zapopan.<\/p>\n","protected":false},"excerpt":{"rendered":"<p>&nbsp; Todo un acontecimiento result\u00f3 la presentaci\u00f3n de \u201cLos Big Boys\u201d en Zapopan . El patio central del Palacio Municipal se llen\u00f3 con las notas musicales de la agrupaci\u00f3n \u201cLos Big Boys\u201d, la primera banda de rock tapat\u00eda, en la que la mayor\u00eda de sus integrantes tienen distrofia muscular y encuentran en la m\u00fasica el &hellip; <\/p>\n<p><a class=\"more-link btn\" href=\"https:\/\/lamendigapolitica.com\/?p=40836\">Seguir leyendo<\/a><\/p>\n","protected":false},"author":1,"featured_media":0,"comment_status":"open","ping_status":"closed","sticky":false,"template":"","format":"standard","meta":{"footnotes":""},"categories":[26,20,3,22],"tags":[],"class_list":["post-40836","post","type-post","status-publish","format-standard","hentry","category-cultura","category-gobierno","category-politica","category-sociales","item-wrap"],"_links":{"self":[{"href":"https:\/\/lamendigapolitica.com\/index.php?rest_route=\/wp\/v2\/posts\/40836","targetHints":{"allow":["GET"]}}],"collection":[{"href":"https:\/\/lamendigapolitica.com\/index.php?rest_route=\/wp\/v2\/posts"}],"about":[{"href":"https:\/\/lamendigapolitica.com\/index.php?rest_route=\/wp\/v2\/types\/post"}],"author":[{"embeddable":true,"href":"https:\/\/lamendigapolitica.com\/index.php?rest_route=\/wp\/v2\/users\/1"}],"replies":[{"embeddable":true,"href":"https:\/\/lamendigapolitica.com\/index.php?rest_route=%2Fwp%2Fv2%2Fcomments&post=40836"}],"version-history":[{"count":1,"href":"https:\/\/lamendigapolitica.com\/index.php?rest_route=\/wp\/v2\/posts\/40836\/revisions"}],"predecessor-version":[{"id":40840,"href":"https:\/\/lamendigapolitica.com\/index.php?rest_route=\/wp\/v2\/posts\/40836\/revisions\/40840"}],"wp:attachment":[{"href":"https:\/\/lamendigapolitica.com\/index.php?rest_route=%2Fwp%2Fv2%2Fmedia&parent=40836"}],"wp:term":[{"taxonomy":"category","embeddable":true,"href":"https:\/\/lamendigapolitica.com\/index.php?rest_route=%2Fwp%2Fv2%2Fcategories&post=40836"},{"taxonomy":"post_tag","embeddable":true,"href":"https:\/\/lamendigapolitica.com\/index.php?rest_route=%2Fwp%2Fv2%2Ftags&post=40836"}],"curies":[{"name":"wp","href":"https:\/\/api.w.org\/{rel}","templated":true}]}}