{"id":40834,"date":"2016-09-09T18:26:05","date_gmt":"2016-09-09T23:26:05","guid":{"rendered":"http:\/\/lamendigapolitica.com\/blog\/?p=40834"},"modified":"2016-09-09T18:26:05","modified_gmt":"2016-09-09T23:26:05","slug":"desaceleracion-de-los-latinos-en-estados-unidos","status":"publish","type":"post","link":"https:\/\/lamendigapolitica.com\/?p=40834","title":{"rendered":"Desaceleraci\u00f3n de los latinos en Estados Unidos"},"content":{"rendered":"<h3><a href=\"https:\/\/lamendigapolitica.com\/blog\/blog\/wp-content\/uploads\/2016\/09\/Avatar-Lalo-1.jpg\" rel=\"attachment wp-att-40835\"><img loading=\"lazy\" decoding=\"async\" class=\"alignleft size-thumbnail wp-image-40835\" src=\"https:\/\/lamendigapolitica.com\/blog\/blog\/wp-content\/uploads\/2016\/09\/Avatar-Lalo-1-150x150.jpg\" alt=\"avatar-lalo\" width=\"150\" height=\"150\" srcset=\"https:\/\/lamendigapolitica.com\/wp-content\/uploads\/2016\/09\/Avatar-Lalo-1-150x150.jpg 150w, https:\/\/lamendigapolitica.com\/wp-content\/uploads\/2016\/09\/Avatar-Lalo-1.jpg 159w\" sizes=\"auto, (max-width: 150px) 100vw, 150px\" \/><\/a><span style=\"color: #808080;\">DIVISADERO\/Eduardo Gonz\u00e1lez<\/span><\/h3>\n<p>La cualidad del fen\u00f3meno migratorio es la transformaci\u00f3n: cambian los lugares de expulsi\u00f3n; los sitios de recepci\u00f3n; el perfil de las personas migrantes; las obligaciones para abandonar los hogares; los costos, las rutas y los m\u00e9todos utilizados para huir; y la cantidad de migrantes y sus descendientes en los lugares de arribo.<\/p>\n<p>A prop\u00f3sito del \u00faltimo aspecto arriba mencionado: los cambios demogr\u00e1ficos en la poblaci\u00f3n migrante en Estados Unidos, esta semana el Centro de Investigaci\u00f3n Pew (<a href=\"http:\/\/goo.gl\/DOOIgw\"><strong>http:\/\/goo.gl\/DOOIgw<\/strong><\/a>) dio a conocer un informe donde, si bien, los hispanos se han consolidado como la primera minor\u00eda en el vecino del norte con una poblaci\u00f3n de 57 millones entre primera, segunda y tercera generaci\u00f3n, al menos desde 2007 han experimentado una ca\u00edda en el crecimiento de su poblaci\u00f3n.<\/p>\n<p>Entre 2007 y 2014, la poblaci\u00f3n hispana tuvo un crecimiento anual de 2.4%, mientras que entre 2000 y 2007 casi fue del doble, 4.4%, y 5.8% durante la d\u00e9cada de los noventa.<\/p>\n<p>Esta situaci\u00f3n ha ocasionado que los asi\u00e1ticos sean hoy por hoy en Estados Unidos la minor\u00eda de mayor crecimiento, con 3.4% en los \u00faltimos 7 a\u00f1os. No obstante, los hispanos lideraron al menos la mitad del crecimiento en 524 condados donde hab\u00eda al menos mil residentes latinos en 2014.<\/p>\n<p>Otro cambio que experimenta la poblaci\u00f3n latina en Estados Unidos es su distribuci\u00f3n. La geograf\u00eda migratoria se ha modificado desde 2007, presentando ahora mayor crecimiento en estados tradicionalmente con menor poblaci\u00f3n migrante-hispana.<\/p>\n<p>As\u00ed, vemos como en California, Colorado, Florida o Nevada el crecimiento de los hispanos es menor al que se presenta en Dakota del Norte, Alabama, y Georgia. De igual manera que en M\u00e9xico y Latinoam\u00e9rica comienzan a surgir nuevas zonas expulsoras, en la Uni\u00f3n Americana tenemos nuevos estados de recepci\u00f3n y crecimiento migratorio.<\/p>\n<p>Al menos dos son las causas que han generado estos cambios demogr\u00e1ficos, por un lado, el descenso en la migraci\u00f3n desde M\u00e9xico y Am\u00e9rica Latina como producto de la crisis de 2007, las redadas y deportaciones en el gobierno de Barack Obama, y la puesta en marcha de decenas de leyes estatales antimigrantes; y por otro, una baja en la tasa de fertilidad de las mujeres latinas.<\/p>\n<p>En el contexto de la desaceleraci\u00f3n de la poblaci\u00f3n hispana en Estados Unidos no deja de llamar la atenci\u00f3n las pr\u00e1cticas y los discursos xen\u00f3fobos que contin\u00faan criminalizando, discriminando y victimizando a la poblaci\u00f3n migrante \u201ccon o sin papeles\u201d que cotidianamente trabaja para apuntalar la econom\u00eda de nuestro vecino del norte.<\/p>\n<p>La clase pol\u00edtica estadunidense no deber\u00eda echar en saco roto uno de los datos m\u00e1s importantes dados a conocer por el Pew, en el sentido del potencial pol\u00edtico que tendr\u00e1n a largo plazo los estadunidenses de origen hispano quienes en los siguientes a\u00f1os alcanzar\u00e1n la mayor\u00eda de edad y tendr\u00e1n el derecho a votar.<\/p>\n<p>Quiz\u00e1 la deuda latina ser\u00e1 cobrada en los a\u00f1os venideros a la generaci\u00f3n de pol\u00edticos que contin\u00faan persiguiendo a quienes al no tener el derecho a no migrar solo buscan ganarse la vida al norte del r\u00edo Bravo.<\/p>\n<h3>Profesor-Investigador<br \/>\nEscuela de Humanidades y Ciencias Sociales<br \/>\nTECNOL\u00d3GICO DE MONTERREY<\/h3>\n<h3>@contodoytriques<\/h3>\n","protected":false},"excerpt":{"rendered":"<p>DIVISADERO\/Eduardo Gonz\u00e1lez La cualidad del fen\u00f3meno migratorio es la transformaci\u00f3n: cambian los lugares de expulsi\u00f3n; los sitios de recepci\u00f3n; el perfil de las personas migrantes; las obligaciones para abandonar los hogares; los costos, las rutas y los m\u00e9todos utilizados para huir; y la cantidad de migrantes y sus descendientes en los lugares de arribo. A &hellip; <\/p>\n<p><a class=\"more-link btn\" href=\"https:\/\/lamendigapolitica.com\/?p=40834\">Seguir leyendo<\/a><\/p>\n","protected":false},"author":1,"featured_media":0,"comment_status":"open","ping_status":"closed","sticky":false,"template":"","format":"standard","meta":{"footnotes":""},"categories":[1,6,26,30,28,20,31,5,3,27,22],"tags":[],"class_list":["post-40834","post","type-post","status-publish","format-standard","hentry","category-columnista","category-congreso","category-cultura","category-economia","category-educacion","category-gobierno","category-internacional","category-partidos","category-politica","category-seguridad","category-sociales","item-wrap"],"_links":{"self":[{"href":"https:\/\/lamendigapolitica.com\/index.php?rest_route=\/wp\/v2\/posts\/40834","targetHints":{"allow":["GET"]}}],"collection":[{"href":"https:\/\/lamendigapolitica.com\/index.php?rest_route=\/wp\/v2\/posts"}],"about":[{"href":"https:\/\/lamendigapolitica.com\/index.php?rest_route=\/wp\/v2\/types\/post"}],"author":[{"embeddable":true,"href":"https:\/\/lamendigapolitica.com\/index.php?rest_route=\/wp\/v2\/users\/1"}],"replies":[{"embeddable":true,"href":"https:\/\/lamendigapolitica.com\/index.php?rest_route=%2Fwp%2Fv2%2Fcomments&post=40834"}],"version-history":[{"count":2,"href":"https:\/\/lamendigapolitica.com\/index.php?rest_route=\/wp\/v2\/posts\/40834\/revisions"}],"predecessor-version":[{"id":40838,"href":"https:\/\/lamendigapolitica.com\/index.php?rest_route=\/wp\/v2\/posts\/40834\/revisions\/40838"}],"wp:attachment":[{"href":"https:\/\/lamendigapolitica.com\/index.php?rest_route=%2Fwp%2Fv2%2Fmedia&parent=40834"}],"wp:term":[{"taxonomy":"category","embeddable":true,"href":"https:\/\/lamendigapolitica.com\/index.php?rest_route=%2Fwp%2Fv2%2Fcategories&post=40834"},{"taxonomy":"post_tag","embeddable":true,"href":"https:\/\/lamendigapolitica.com\/index.php?rest_route=%2Fwp%2Fv2%2Ftags&post=40834"}],"curies":[{"name":"wp","href":"https:\/\/api.w.org\/{rel}","templated":true}]}}