{"id":40831,"date":"2016-09-09T11:47:48","date_gmt":"2016-09-09T16:47:48","guid":{"rendered":"http:\/\/lamendigapolitica.com\/blog\/?p=40831"},"modified":"2016-09-09T11:47:48","modified_gmt":"2016-09-09T16:47:48","slug":"falacias-y-complejos-homofobicos","status":"publish","type":"post","link":"https:\/\/lamendigapolitica.com\/?p=40831","title":{"rendered":"Falacias y complejos homof\u00f3bicos"},"content":{"rendered":"<h3><a href=\"https:\/\/lamendigapolitica.com\/blog\/blog\/wp-content\/uploads\/2016\/09\/cesar-ruvalcaba-avatar.jpg\" rel=\"attachment wp-att-40832\"><img loading=\"lazy\" decoding=\"async\" class=\"alignleft size-thumbnail wp-image-40832\" src=\"https:\/\/lamendigapolitica.com\/blog\/blog\/wp-content\/uploads\/2016\/09\/cesar-ruvalcaba-avatar-150x150.jpg\" alt=\"cesar-ruvalcaba-avatar\" width=\"150\" height=\"150\" \/><\/a><span style=\"color: #808000;\">RESTAURACI\u00d3N\/C\u00e9sar Ruvalcaba<\/span><\/h3>\n<p>Estimado lector: \u00bfUsted ser\u00eda capaz de creer que aprobando una ley que permita el matrimonio igualitario obligar\u00eda tambi\u00e9n a que su hijo menor de edad -o el m\u00edo- tuviera relaciones sexuales con un adulto? \u00bfQue los vestir\u00edan del sexo opuesto en la primaria o que los hombres entrar\u00edan sin distingo al ba\u00f1o de mujeres?<\/p>\n<p>No, no me preocupa que el Frente Nacional por la Familia lo diga y haga panfletos para repartir afuera de las iglesias con tales desprop\u00f3sitos, me preocupa que alg\u00fan ciudadano con m\u00e1s de dos dedos de frente lo crea.<\/p>\n<p>El pr\u00f3ximo 10 de septiembre se convoca en el pa\u00eds a una marcha para \u201cque no se metan con mis hijos\u201d; a una marcha que representa otro cap\u00edtulo m\u00e1s en la historia universal entre el oscurantismo y la ilustraci\u00f3n, entre el liberal y el opresor, entre los complejos y el derecho a la autodeterminaci\u00f3n.<\/p>\n<p>No me asombran las campa\u00f1as homof\u00f3bicas de odio y divisi\u00f3n, al fin, siempre han existido y en todo el mundo; lo que me asombra es la incapacidad del ser humano para aprender de la historia y sus consecuencias cuando el odio es promoci\u00f3n.<\/p>\n<p>El problema no es que la mayor\u00eda de los mexicanos no comprenda a\u00fan la importancia del derecho a ser diferentes; el problema es que luego se asombran del xen\u00f3fobo de Trump.<\/p>\n<p>El dilema no es la cr\u00edtica permanente de todo aquello que no nos gusta, en lo que no concordamos; el dilema es que pensemos que prohibir lo inaceptado es soluci\u00f3n.<\/p>\n<p>El esfuerzo sistem\u00e1tico por desacreditar lo que no entendemos no es lo incre\u00edble; lo incre\u00edble es la incapacidad de entender lo que desacreditamos.<\/p>\n<p>Lo triste es que por un lado se pida libertad, derechos, respeto y expresi\u00f3n sin censura, y por el otro seamos capaces de restringir, ningunear y reprimir a los dem\u00e1s.<\/p>\n<p>Lo inaceptable no es, incluso, si se es machista, feminista, vanguardista o retrograda; lo inaceptable es que queramos imponer nuestra miop\u00eda en el ojo ajeno. Lo inaceptable es el deseo de muchos por desaparecer, lo que consideran polvo, bajo la alfombra.<\/p>\n<p>A nuestra sociedad le ha hecho mucho da\u00f1o evitar lo inevitable, postergar el debate, negar lo evidente. Ya nos ha costado mucho reprimir lo que se expresa y actuar como el avestruz, que esconde la cabeza en la tierra para no ser consciente del embate.<\/p>\n<p>\u00bfPor qu\u00e9 seremos incapaces de conceder razones? \u00bfPor qu\u00e9 seguimos creyendo en verdades absolutas y hacemos escarnio del disenso? \u00bfPor qu\u00e9 nos cuesta tanto entender que el respeto tambi\u00e9n nos hace libres?<\/p>\n<p>Hoy m\u00e1s que nunca creo en el derecho a disentir; hoy, m\u00e1s que siempre, debemos tener por bandera la inclusi\u00f3n, la tolerancia y el respeto.<\/p>\n<p>A ustedes, a los que promueven sus marchas de ostracismo les digo: No se\u00f1ores, no se metan con mis hijos, porque a ellos quiero legar el mundo que ustedes niegan fomentando el odio y la divisi\u00f3n. A ellos quiero legar un mundo que sea capaz de funcionar entre contradicciones y diferencias, mientras tengamos como argumento la paz, el respeto y la solidaridad con todos.<\/p>\n<p>No me obligar\u00e1n, como ustedes dicen, a vestirme de mujer con una ley; pero mucho menos me obligar\u00e1n ustedes a permanecer inerte ante los argumentos vac\u00edos de la sinraz\u00f3n, el odio y los prejuicios.<\/p>\n<h3>Secretario de Organizaci\u00f3n PRI Guadalajara<\/h3>\n<h3>@Cesar_Ruvalcaba<\/h3>\n","protected":false},"excerpt":{"rendered":"<p>RESTAURACI\u00d3N\/C\u00e9sar Ruvalcaba Estimado lector: \u00bfUsted ser\u00eda capaz de creer que aprobando una ley que permita el matrimonio igualitario obligar\u00eda tambi\u00e9n a que su hijo menor de edad -o el m\u00edo- tuviera relaciones sexuales con un adulto? \u00bfQue los vestir\u00edan del sexo opuesto en la primaria o que los hombres entrar\u00edan sin distingo al ba\u00f1o de &hellip; <\/p>\n<p><a class=\"more-link btn\" href=\"https:\/\/lamendigapolitica.com\/?p=40831\">Seguir leyendo<\/a><\/p>\n","protected":false},"author":1,"featured_media":0,"comment_status":"open","ping_status":"closed","sticky":false,"template":"","format":"standard","meta":{"footnotes":""},"categories":[1,6,30,20,31,5,3,21,27],"tags":[],"class_list":["post-40831","post","type-post","status-publish","format-standard","hentry","category-columnista","category-congreso","category-economia","category-gobierno","category-internacional","category-partidos","category-politica","category-religion","category-seguridad","item-wrap"],"_links":{"self":[{"href":"https:\/\/lamendigapolitica.com\/index.php?rest_route=\/wp\/v2\/posts\/40831","targetHints":{"allow":["GET"]}}],"collection":[{"href":"https:\/\/lamendigapolitica.com\/index.php?rest_route=\/wp\/v2\/posts"}],"about":[{"href":"https:\/\/lamendigapolitica.com\/index.php?rest_route=\/wp\/v2\/types\/post"}],"author":[{"embeddable":true,"href":"https:\/\/lamendigapolitica.com\/index.php?rest_route=\/wp\/v2\/users\/1"}],"replies":[{"embeddable":true,"href":"https:\/\/lamendigapolitica.com\/index.php?rest_route=%2Fwp%2Fv2%2Fcomments&post=40831"}],"version-history":[{"count":1,"href":"https:\/\/lamendigapolitica.com\/index.php?rest_route=\/wp\/v2\/posts\/40831\/revisions"}],"predecessor-version":[{"id":40833,"href":"https:\/\/lamendigapolitica.com\/index.php?rest_route=\/wp\/v2\/posts\/40831\/revisions\/40833"}],"wp:attachment":[{"href":"https:\/\/lamendigapolitica.com\/index.php?rest_route=%2Fwp%2Fv2%2Fmedia&parent=40831"}],"wp:term":[{"taxonomy":"category","embeddable":true,"href":"https:\/\/lamendigapolitica.com\/index.php?rest_route=%2Fwp%2Fv2%2Fcategories&post=40831"},{"taxonomy":"post_tag","embeddable":true,"href":"https:\/\/lamendigapolitica.com\/index.php?rest_route=%2Fwp%2Fv2%2Ftags&post=40831"}],"curies":[{"name":"wp","href":"https:\/\/api.w.org\/{rel}","templated":true}]}}