{"id":40826,"date":"2016-09-09T10:16:02","date_gmt":"2016-09-09T15:16:02","guid":{"rendered":"http:\/\/lamendigapolitica.com\/blog\/?p=40826"},"modified":"2016-09-09T10:16:21","modified_gmt":"2016-09-09T15:16:21","slug":"el-mencho-somete-a-mando-policiaco-de-jalisco-revela-audio","status":"publish","type":"post","link":"https:\/\/lamendigapolitica.com\/?p=40826","title":{"rendered":"El Mencho somete a mando policiaco de Jalisco, revela audio"},"content":{"rendered":"<p><a href=\"https:\/\/lamendigapolitica.com\/blog\/blog\/wp-content\/uploads\/2016\/09\/Mencho.jpg\" rel=\"attachment wp-att-40827\"><img loading=\"lazy\" decoding=\"async\" class=\"aligncenter wp-image-40827\" src=\"https:\/\/lamendigapolitica.com\/blog\/blog\/wp-content\/uploads\/2016\/09\/Mencho.jpg\" alt=\"mencho\" width=\"373\" height=\"209\" \/><\/a><\/p>\n<p>&nbsp;<\/p>\n<p>Nemesio Oceguera Cervantes, alias El Mencho, l\u00edder del C\u00e1rtel Jalisco Nueva Generaci\u00f3n (CJNG), presuntamente orden\u00f3 a un mando de la polic\u00eda de Jalisco \u201crelajar\u201d a los uniformados comisionados en la zona del municipio de Chapala, revela un audio difundido por Despierta con Loret y Proceso y reproducido por 24 Horas.<\/p>\n<p>&nbsp;<\/p>\n<p>\u201cMira bien hijo de tu puta madre soy Mencho g\u00fcey. Relaja tu puta gente a la verga. Soy Mencho g\u00fcey\u201d, se escucha decir en el audio a quien presuntamente se identifica como el l\u00edder narcotraficante. Entre amenazas y palabras altisonantes se escucha al jefe policiaco darle la certeza a El Mencho de que su instrucci\u00f3n ser\u00e1 acatada. \u201cUsted me conoce y sabe que hay respeto\u201d, le dice. \u201cUno no se mete con usted para que se pasen de verga\u201d, insiste el l\u00edder del CJNG.<\/p>\n<p>&nbsp;<\/p>\n<p>\u201cPorque todos agarran dinero y son buenos de puercos. Se me ponen al tiro o tu eres el primero que se va a marchar por ellos Le\u00f3n\u201d, prosigue El Mencho con sus amenazas mientras que el jefe polic\u00edaco le responde que no se trata de eso. \u201cNo quiero que me apagues este puto tel\u00e9fono, despu\u00e9s te voy a marcar g\u00fcey a ver si no se relajaron a la verga eh. A todos, a todos en general g\u00fcey, rel\u00e1jemelos a la verga, por favor\u201d, finaliza el narcotraficante.<\/p>\n","protected":false},"excerpt":{"rendered":"<p>&nbsp; Nemesio Oceguera Cervantes, alias El Mencho, l\u00edder del C\u00e1rtel Jalisco Nueva Generaci\u00f3n (CJNG), presuntamente orden\u00f3 a un mando de la polic\u00eda de Jalisco \u201crelajar\u201d a los uniformados comisionados en la zona del municipio de Chapala, revela un audio difundido por Despierta con Loret y Proceso y reproducido por 24 Horas. &nbsp; \u201cMira bien hijo &hellip; <\/p>\n<p><a class=\"more-link btn\" href=\"https:\/\/lamendigapolitica.com\/?p=40826\">Seguir leyendo<\/a><\/p>\n","protected":false},"author":1,"featured_media":0,"comment_status":"open","ping_status":"closed","sticky":false,"template":"","format":"standard","meta":{"footnotes":""},"categories":[6,20,5,3,27],"tags":[],"class_list":["post-40826","post","type-post","status-publish","format-standard","hentry","category-congreso","category-gobierno","category-partidos","category-politica","category-seguridad","item-wrap"],"_links":{"self":[{"href":"https:\/\/lamendigapolitica.com\/index.php?rest_route=\/wp\/v2\/posts\/40826","targetHints":{"allow":["GET"]}}],"collection":[{"href":"https:\/\/lamendigapolitica.com\/index.php?rest_route=\/wp\/v2\/posts"}],"about":[{"href":"https:\/\/lamendigapolitica.com\/index.php?rest_route=\/wp\/v2\/types\/post"}],"author":[{"embeddable":true,"href":"https:\/\/lamendigapolitica.com\/index.php?rest_route=\/wp\/v2\/users\/1"}],"replies":[{"embeddable":true,"href":"https:\/\/lamendigapolitica.com\/index.php?rest_route=%2Fwp%2Fv2%2Fcomments&post=40826"}],"version-history":[{"count":1,"href":"https:\/\/lamendigapolitica.com\/index.php?rest_route=\/wp\/v2\/posts\/40826\/revisions"}],"predecessor-version":[{"id":40828,"href":"https:\/\/lamendigapolitica.com\/index.php?rest_route=\/wp\/v2\/posts\/40826\/revisions\/40828"}],"wp:attachment":[{"href":"https:\/\/lamendigapolitica.com\/index.php?rest_route=%2Fwp%2Fv2%2Fmedia&parent=40826"}],"wp:term":[{"taxonomy":"category","embeddable":true,"href":"https:\/\/lamendigapolitica.com\/index.php?rest_route=%2Fwp%2Fv2%2Fcategories&post=40826"},{"taxonomy":"post_tag","embeddable":true,"href":"https:\/\/lamendigapolitica.com\/index.php?rest_route=%2Fwp%2Fv2%2Ftags&post=40826"}],"curies":[{"name":"wp","href":"https:\/\/api.w.org\/{rel}","templated":true}]}}