{"id":40799,"date":"2016-09-08T17:24:42","date_gmt":"2016-09-08T22:24:42","guid":{"rendered":"http:\/\/lamendigapolitica.com\/blog\/?p=40799"},"modified":"2016-09-08T17:24:42","modified_gmt":"2016-09-08T22:24:42","slug":"se-queja-zapopan-que-sedeco-le-roba-protagonismo","status":"publish","type":"post","link":"https:\/\/lamendigapolitica.com\/?p=40799","title":{"rendered":"Se queja Zapopan que SEDECO le roba protagonismo"},"content":{"rendered":"<p><a href=\"https:\/\/lamendigapolitica.com\/blog\/blog\/wp-content\/uploads\/2016\/09\/Pablo-Lemus.jpg\" rel=\"attachment wp-att-40800\"><img loading=\"lazy\" decoding=\"async\" class=\"aligncenter  wp-image-40800\" src=\"https:\/\/lamendigapolitica.com\/blog\/blog\/wp-content\/uploads\/2016\/09\/Pablo-Lemus.jpg\" alt=\"pablo-lemus\" width=\"432\" height=\"266\" \/><\/a><\/p>\n<p>&nbsp;<\/p>\n<p>El Presidente Municipal de Zapopan, Pablo Lemus, presentar\u00e1 un extra\u00f1amiento p\u00fablico debido a que la Secretar\u00eda de Desarrollo Econ\u00f3mico (SEDECO) inform\u00f3 de manera anticipada, el proyecto conjunto con la empresa Flextronics , uno de los resultados de la gira de trabajo que realiz\u00f3 el Mun\u00edcipe en el Silicon Valley de San Jos\u00e9, California, en agosto.<\/p>\n<p>&nbsp;<\/p>\n<p>\u201cLa verdad es que me da mucha tristeza ver que desde la Secretar\u00eda de Desarrollo Econ\u00f3mico no se comprenda la importancia de que el gobierno federal, estatal y municipal debemos de trabajar en conjunto, de la mano, respetando acuerdos y no con anuncios que tienen la \u00fanica intenci\u00f3n de adjudicarse medallas que no le tocan\u201d, afirm\u00f3 el Presidente Pablo Lemus.<\/p>\n<p>&nbsp;<\/p>\n<p>Este acuerdo consiste en establecer un centro de dise\u00f1o en la planta norte, ubicada sobre Avenida Aviaci\u00f3n \u2014frente a la XV Zona Militar \u2014, donde se generar\u00e1n alrededor de 45 empleos con sueldos mensuales que en promedio ascender\u00e1n a 35 mil pesos y permitir\u00e1n demostrar el talento de ingenieros y dise\u00f1adores locales. \u201cEn Zapopan tenemos mucho talento, no s\u00f3lo en la maquila, sino, principalmente, de obra\u201d, dijo el Primer Edil.<\/p>\n<p>&nbsp;<\/p>\n<p>Durante la gira de trabajo por el Silicon Valley estadounidense, que el Alcalde Pablo Lemus realiz\u00f3 con la delegaci\u00f3n mexicana, encabezada por el Gobernador del Estado, Arist\u00f3teles Sandoval, el Primer Edil acord\u00f3 con la empresa Flextronics la contrataci\u00f3n de 2 mil 800 personas para lo que resta de 2016; esto como cierre a las negociaciones que se han realizado desde el inicio de la Administraci\u00f3n.<\/p>\n<p>&nbsp;<\/p>\n<p>Dado que este proyecto ser\u00eda anunciado en conjunto por el Ayuntamiento de Zapopan y el Gobierno del Estado, el Presidente Lemus calific\u00f3 como \u201cdescortes\u00eda pol\u00edtica\u201d esta decisi\u00f3n de las autoridades estatales. A su vez, el Mun\u00edcipe explic\u00f3 que desde el Gobierno de Zapopan se seguir\u00e1 trabajando de la misma manera como se ha hecho hasta el momento, predominando el respeto y la visi\u00f3n de atraer m\u00e1s inversiones para la generaci\u00f3n de m\u00e1s y mejores empleos para los zapopanos.<\/p>\n","protected":false},"excerpt":{"rendered":"<p>&nbsp; El Presidente Municipal de Zapopan, Pablo Lemus, presentar\u00e1 un extra\u00f1amiento p\u00fablico debido a que la Secretar\u00eda de Desarrollo Econ\u00f3mico (SEDECO) inform\u00f3 de manera anticipada, el proyecto conjunto con la empresa Flextronics , uno de los resultados de la gira de trabajo que realiz\u00f3 el Mun\u00edcipe en el Silicon Valley de San Jos\u00e9, California, en &hellip; <\/p>\n<p><a class=\"more-link btn\" href=\"https:\/\/lamendigapolitica.com\/?p=40799\">Seguir leyendo<\/a><\/p>\n","protected":false},"author":1,"featured_media":0,"comment_status":"open","ping_status":"closed","sticky":false,"template":"","format":"standard","meta":{"footnotes":""},"categories":[6,20,5,3],"tags":[],"class_list":["post-40799","post","type-post","status-publish","format-standard","hentry","category-congreso","category-gobierno","category-partidos","category-politica","item-wrap"],"_links":{"self":[{"href":"https:\/\/lamendigapolitica.com\/index.php?rest_route=\/wp\/v2\/posts\/40799","targetHints":{"allow":["GET"]}}],"collection":[{"href":"https:\/\/lamendigapolitica.com\/index.php?rest_route=\/wp\/v2\/posts"}],"about":[{"href":"https:\/\/lamendigapolitica.com\/index.php?rest_route=\/wp\/v2\/types\/post"}],"author":[{"embeddable":true,"href":"https:\/\/lamendigapolitica.com\/index.php?rest_route=\/wp\/v2\/users\/1"}],"replies":[{"embeddable":true,"href":"https:\/\/lamendigapolitica.com\/index.php?rest_route=%2Fwp%2Fv2%2Fcomments&post=40799"}],"version-history":[{"count":1,"href":"https:\/\/lamendigapolitica.com\/index.php?rest_route=\/wp\/v2\/posts\/40799\/revisions"}],"predecessor-version":[{"id":40801,"href":"https:\/\/lamendigapolitica.com\/index.php?rest_route=\/wp\/v2\/posts\/40799\/revisions\/40801"}],"wp:attachment":[{"href":"https:\/\/lamendigapolitica.com\/index.php?rest_route=%2Fwp%2Fv2%2Fmedia&parent=40799"}],"wp:term":[{"taxonomy":"category","embeddable":true,"href":"https:\/\/lamendigapolitica.com\/index.php?rest_route=%2Fwp%2Fv2%2Fcategories&post=40799"},{"taxonomy":"post_tag","embeddable":true,"href":"https:\/\/lamendigapolitica.com\/index.php?rest_route=%2Fwp%2Fv2%2Ftags&post=40799"}],"curies":[{"name":"wp","href":"https:\/\/api.w.org\/{rel}","templated":true}]}}