{"id":40795,"date":"2016-09-08T13:36:20","date_gmt":"2016-09-08T18:36:20","guid":{"rendered":"http:\/\/lamendigapolitica.com\/blog\/?p=40795"},"modified":"2016-09-08T13:50:54","modified_gmt":"2016-09-08T18:50:54","slug":"impulso-a-la-movilidad","status":"publish","type":"post","link":"https:\/\/lamendigapolitica.com\/?p=40795","title":{"rendered":"Impulso a la Movilidad"},"content":{"rendered":"<h3><a href=\"https:\/\/lamendigapolitica.com\/blog\/blog\/wp-content\/uploads\/2016\/09\/jonadab-banner.jpg\" rel=\"attachment wp-att-40796\"><img loading=\"lazy\" decoding=\"async\" class=\"alignleft size-thumbnail wp-image-40796\" src=\"https:\/\/lamendigapolitica.com\/blog\/blog\/wp-content\/uploads\/2016\/09\/jonadab-banner-150x150.jpg\" alt=\"jonadab-banner\" width=\"150\" height=\"150\" srcset=\"https:\/\/lamendigapolitica.com\/wp-content\/uploads\/2016\/09\/jonadab-banner-150x150.jpg 150w, https:\/\/lamendigapolitica.com\/wp-content\/uploads\/2016\/09\/jonadab-banner.jpg 300w\" sizes=\"auto, (max-width: 150px) 100vw, 150px\" \/><\/a><span style=\"color: #ff6600;\">POL\u00cdTICA SIN \u00c9TICA\/Jonadab Mart\u00ednez<\/span><\/h3>\n<p>Estamos por iniciar una de las etapas m\u00e1s importantes de nuestro quehacer legislativo, el an\u00e1lisis, discusi\u00f3n y aprobaci\u00f3n del Presupuesto de Egresos de la Federaci\u00f3n para el ejercicio fiscal 2017. Las pol\u00edticas p\u00fablicas sin recursos econ\u00f3micos s\u00f3lo quedan en buenas intenciones y no resuelven las necesidades colectivas.<\/p>\n<p>La discusi\u00f3n del Presupuesto de Egresos de la Federaci\u00f3n es sin\u00f3nimo de un ejercicio democr\u00e1tico. Podemos coincidir en nuestra visi\u00f3n y opiniones o podemos incluso tener discrepancias en nuestro discurso como parte del debate.<\/p>\n<p>Sin embargo, hay puntos de coincidencia y uno de ellos es sin duda, considerar los beneficios que un Programa de Movilidad Sustentable conlleva para todos los habitantes de este pa\u00eds.<\/p>\n<p>Hay pocos programas dentro de la Administraci\u00f3n P\u00fablica que benefician a todos, independientemente de su edad, g\u00e9nero o situaci\u00f3n econ\u00f3mica.<\/p>\n<p>El programa de referencia nos beneficia a todos como usuarios de la movilidad; todos padecemos la congesti\u00f3n vial en las ciudades, somos sujetos de riesgo ante el aumento de accidentes viales, propensos a da\u00f1os en la salud derivados de las emisiones contaminantes ocasionados por veh\u00edculos motorizados, todos somos peatones, nos beneficiamos del transporte p\u00fablico y de proyectos de infraestructura ciclista.<\/p>\n<p>As\u00ed que es indispensable apostarle a ciudades competitivas y humanas y para eso necesitamos recursos que garanticen infraestructura para una movilidad segura y eficiente.<\/p>\n<p>No obstante, ante los problemas derivados de la falta de planeaci\u00f3n en nuestras ciudades, espec\u00edficamente en movilidad urbana sustentable, en los \u00faltimos a\u00f1os, no se han destinado recursos espec\u00edficos que atiendan los focos rojos y ausencias detectadas relacionadas con esta grave problem\u00e1tica.<\/p>\n<p>Hemos ignorado las ventajas de transformar nuestros modelos urbanos y de movilidad para mejorar la calidad de vida de la mayor\u00eda de los habitantes en este pa\u00eds y hacer las ciudades que merecemos.<\/p>\n<p>Desde hace dos a\u00f1os, fue creado por la Secretar\u00eda de Desarrollo Agrario, Territorial y Urbano, el programa P-007, denominado de Impulso a la Movilidad Urbana, pero, si bien fue creado, no se le han asignado recursos.<\/p>\n<p>Estamos ante la posibilidad de revertir dicha situaci\u00f3n y <strong>contar con un mecanismo competitivo para brindar asistencia t\u00e9cnica y financiera a los gobiernos estatales y municipales para la correcta planeaci\u00f3n, dise\u00f1o, implementaci\u00f3n y evaluaci\u00f3n de proyectos de transporte y movilidad sustentable.<\/strong><\/p>\n<p>La estructura program\u00e1tica a emplear en el proyecto de Presupuesto de Egresos de la Federaci\u00f3n 2017, incluye al programa, en torno a los recursos federales para el Ramo 15 (Desarrollo Agrario, Territorial y Urbano), por lo que nos encontramos en el momento adecuado para redistribuir correctamente el gasto y asignarle recursos a fin de atender los rezagos en materia de movilidad urbana en las ciudades del pa\u00eds.<\/p>\n<p>Como Presidente de la Comisi\u00f3n Especial de Movilidad, estoy invitando a todos y todas las legisladoras, a contribuir y sensibilizarnos del problemas que sufrimos todos, a fin de atender de manera clara y objetiva el gran rezago que tenemos en Movilidad en el Pa\u00eds.<\/p>\n<h3>Diputado Federal Movimiento Ciudadano<br \/>\n@jonadabmartinez<\/h3>\n","protected":false},"excerpt":{"rendered":"<p>POL\u00cdTICA SIN \u00c9TICA\/Jonadab Mart\u00ednez Estamos por iniciar una de las etapas m\u00e1s importantes de nuestro quehacer legislativo, el an\u00e1lisis, discusi\u00f3n y aprobaci\u00f3n del Presupuesto de Egresos de la Federaci\u00f3n para el ejercicio fiscal 2017. Las pol\u00edticas p\u00fablicas sin recursos econ\u00f3micos s\u00f3lo quedan en buenas intenciones y no resuelven las necesidades colectivas. La discusi\u00f3n del Presupuesto &hellip; <\/p>\n<p><a class=\"more-link btn\" href=\"https:\/\/lamendigapolitica.com\/?p=40795\">Seguir leyendo<\/a><\/p>\n","protected":false},"author":1,"featured_media":0,"comment_status":"open","ping_status":"closed","sticky":false,"template":"","format":"standard","meta":{"footnotes":""},"categories":[1,6,26,23,30,20,31,5,3,27],"tags":[],"class_list":["post-40795","post","type-post","status-publish","format-standard","hentry","category-columnista","category-congreso","category-cultura","category-deportes","category-economia","category-gobierno","category-internacional","category-partidos","category-politica","category-seguridad","item-wrap"],"_links":{"self":[{"href":"https:\/\/lamendigapolitica.com\/index.php?rest_route=\/wp\/v2\/posts\/40795","targetHints":{"allow":["GET"]}}],"collection":[{"href":"https:\/\/lamendigapolitica.com\/index.php?rest_route=\/wp\/v2\/posts"}],"about":[{"href":"https:\/\/lamendigapolitica.com\/index.php?rest_route=\/wp\/v2\/types\/post"}],"author":[{"embeddable":true,"href":"https:\/\/lamendigapolitica.com\/index.php?rest_route=\/wp\/v2\/users\/1"}],"replies":[{"embeddable":true,"href":"https:\/\/lamendigapolitica.com\/index.php?rest_route=%2Fwp%2Fv2%2Fcomments&post=40795"}],"version-history":[{"count":1,"href":"https:\/\/lamendigapolitica.com\/index.php?rest_route=\/wp\/v2\/posts\/40795\/revisions"}],"predecessor-version":[{"id":40797,"href":"https:\/\/lamendigapolitica.com\/index.php?rest_route=\/wp\/v2\/posts\/40795\/revisions\/40797"}],"wp:attachment":[{"href":"https:\/\/lamendigapolitica.com\/index.php?rest_route=%2Fwp%2Fv2%2Fmedia&parent=40795"}],"wp:term":[{"taxonomy":"category","embeddable":true,"href":"https:\/\/lamendigapolitica.com\/index.php?rest_route=%2Fwp%2Fv2%2Fcategories&post=40795"},{"taxonomy":"post_tag","embeddable":true,"href":"https:\/\/lamendigapolitica.com\/index.php?rest_route=%2Fwp%2Fv2%2Ftags&post=40795"}],"curies":[{"name":"wp","href":"https:\/\/api.w.org\/{rel}","templated":true}]}}