{"id":40788,"date":"2016-09-08T10:34:00","date_gmt":"2016-09-08T15:34:00","guid":{"rendered":"http:\/\/lamendigapolitica.com\/blog\/?p=40788"},"modified":"2016-09-08T10:34:59","modified_gmt":"2016-09-08T15:34:59","slug":"alan-pulido-un-petardo","status":"publish","type":"post","link":"https:\/\/lamendigapolitica.com\/?p=40788","title":{"rendered":"\u00bfAlan Pulido un petardo?"},"content":{"rendered":"<h3><a href=\"https:\/\/lamendigapolitica.com\/blog\/blog\/wp-content\/uploads\/2016\/09\/AVATAR-RAUL.jpg\" rel=\"attachment wp-att-40792\"><img loading=\"lazy\" decoding=\"async\" class=\"alignleft size-full wp-image-40792\" src=\"https:\/\/lamendigapolitica.com\/blog\/blog\/wp-content\/uploads\/2016\/09\/AVATAR-RAUL.jpg\" alt=\"avatar-raul\" width=\"98\" height=\"120\" \/><\/a><span style=\"color: #0000ff;\">CON CHANFLE\/Ra\u00fal de la Cruz<\/span><\/h3>\n<p>Antes de referirme a la flamante contrataci\u00f3n de las Chivas durante la semana perm\u00edtanme hacer una reflexi\u00f3n sobre la nueva comisi\u00f3n de box que se present\u00f3 con bombo y platillo en la presidencia municipal de Guadalajara.<\/p>\n<p>Totalmente falso que se haya consensuado con todas las fuerzas pol\u00edticas del ayuntamiento. Como es su costumbre, el primer edil, vuelve a mentir.<\/p>\n<p>La iniciativa la elabor\u00f3 la regidora Jeanette Vel\u00e1zquez Sedano del partido tricolor y el inmaculado e incorruptible del presidente recurri\u00f3 al dedazo para nombrar a Jorge Flores quien ha sido cuestionado por el propio CMB.<\/p>\n<p>Este organismo le quit\u00f3 la titularidad de varios cinturones, y que aparte, son conocidos sus v\u00ednculos con varias empresas promotoras.<\/p>\n<p>Pues bien, ya es un tod\u00f3logo puesto que coordinar\u00e1 el boxeo, la lucha libre y las artes mixtas-marciales. Sospecho ser\u00e1 un pelele.<\/p>\n<p>De Salvador Mart\u00ednez, mejor conocido como el \u201cG\u00fcero Papero\u201d y de Felipe Carlos F\u00e9lix responsables directos del boxeo, ambos ex peleadores, acusan inexperiencia. Tengo la certeza de que van a sucumbir a las tentaciones.<\/p>\n<p>Me dicen, no me consta, que el G\u00fcero trae delicados problemas y del segundo, la bronca es su padre quien es un metiche incontrolable.<\/p>\n<p>De la lucha libre cualquiera es bienvenido porque m\u00e1s que deporte es un espect\u00e1culo y de las artes marciales no tengo mayores elementos para hacer un se\u00f1alamiento porque no conozco ni el deporte ni los ungidos.<\/p>\n<p>Lo que m\u00e1s preocupa es el departamento m\u00e9dico que se designar\u00e1 para realizar los controles de salud de los boxeadores porque me parece inconcebible que para la funci\u00f3n de este s\u00e1bado pasadlas evaluaciones se hicieron con param\u00e9dicos<strong>. <\/strong><\/p>\n<p><strong>La vacilada<\/strong>.- Durante la presentaci\u00f3n de la comisi\u00f3n el anunciador present\u00f3 a un pseudo-promotor, cuyo nombre me vomita mencionar como el \u201cpromotor que ha forjado \u00a114 campeones mundiales!\u201d, jajajaja.<\/p>\n<p>\u00bfDe d\u00f3nde? Como dijera m\u00ed querido Emilio Fernando Alonso<strong>. <\/strong><\/p>\n<p><strong>El Petardo<\/strong>.- Con serpentinas y en medio de mucha especulaci\u00f3n lleg\u00f3 a las Chivas del Guadalajara el delantero tamaulipeco Alan Pulido.<\/p>\n<p>De inmediato directivos y cuerpo t\u00e9cnico se colgaron la casaca de la contrataci\u00f3n bomba.<\/p>\n<p>Ojal\u00e1 y el tiro no les salga por la culata. Recuerden c\u00f3mo lleg\u00f3 \u00c1ngel Reyna, el mismo Johan Cruyff por citar dos ejemplos de muchos.<\/p>\n<p>Sospecho que Pulido ser\u00e1 otro petardo y aqu\u00ed los argumentos \u00a0en 13 torneos oficiales solamente ha anotado 46 goles para un promedio de efectividad de 3.5% y si lo trasladamos a partidos jugados en todos los equipos militados su promedio disminuye a 3.1 %.<\/p>\n<p>Para la posici\u00f3n en que se desempe\u00f1a su rendimiento es bastante limitado.<\/p>\n<h3>Analista deportivo<\/h3>\n<h3>@Rulasdelacruz<\/h3>\n","protected":false},"excerpt":{"rendered":"<p>CON CHANFLE\/Ra\u00fal de la Cruz Antes de referirme a la flamante contrataci\u00f3n de las Chivas durante la semana perm\u00edtanme hacer una reflexi\u00f3n sobre la nueva comisi\u00f3n de box que se present\u00f3 con bombo y platillo en la presidencia municipal de Guadalajara. Totalmente falso que se haya consensuado con todas las fuerzas pol\u00edticas del ayuntamiento. Como &hellip; <\/p>\n<p><a class=\"more-link btn\" href=\"https:\/\/lamendigapolitica.com\/?p=40788\">Seguir leyendo<\/a><\/p>\n","protected":false},"author":1,"featured_media":0,"comment_status":"open","ping_status":"closed","sticky":false,"template":"","format":"standard","meta":{"footnotes":""},"categories":[1,6,26,23,20,31,5,3],"tags":[],"class_list":["post-40788","post","type-post","status-publish","format-standard","hentry","category-columnista","category-congreso","category-cultura","category-deportes","category-gobierno","category-internacional","category-partidos","category-politica","item-wrap"],"_links":{"self":[{"href":"https:\/\/lamendigapolitica.com\/index.php?rest_route=\/wp\/v2\/posts\/40788","targetHints":{"allow":["GET"]}}],"collection":[{"href":"https:\/\/lamendigapolitica.com\/index.php?rest_route=\/wp\/v2\/posts"}],"about":[{"href":"https:\/\/lamendigapolitica.com\/index.php?rest_route=\/wp\/v2\/types\/post"}],"author":[{"embeddable":true,"href":"https:\/\/lamendigapolitica.com\/index.php?rest_route=\/wp\/v2\/users\/1"}],"replies":[{"embeddable":true,"href":"https:\/\/lamendigapolitica.com\/index.php?rest_route=%2Fwp%2Fv2%2Fcomments&post=40788"}],"version-history":[{"count":2,"href":"https:\/\/lamendigapolitica.com\/index.php?rest_route=\/wp\/v2\/posts\/40788\/revisions"}],"predecessor-version":[{"id":40794,"href":"https:\/\/lamendigapolitica.com\/index.php?rest_route=\/wp\/v2\/posts\/40788\/revisions\/40794"}],"wp:attachment":[{"href":"https:\/\/lamendigapolitica.com\/index.php?rest_route=%2Fwp%2Fv2%2Fmedia&parent=40788"}],"wp:term":[{"taxonomy":"category","embeddable":true,"href":"https:\/\/lamendigapolitica.com\/index.php?rest_route=%2Fwp%2Fv2%2Fcategories&post=40788"},{"taxonomy":"post_tag","embeddable":true,"href":"https:\/\/lamendigapolitica.com\/index.php?rest_route=%2Fwp%2Fv2%2Ftags&post=40788"}],"curies":[{"name":"wp","href":"https:\/\/api.w.org\/{rel}","templated":true}]}}