{"id":40785,"date":"2016-09-08T10:24:40","date_gmt":"2016-09-08T15:24:40","guid":{"rendered":"http:\/\/lamendigapolitica.com\/blog\/?p=40785"},"modified":"2016-09-08T10:24:40","modified_gmt":"2016-09-08T15:24:40","slug":"efemerides-del-8-de-septiembre","status":"publish","type":"post","link":"https:\/\/lamendigapolitica.com\/?p=40785","title":{"rendered":"Efem\u00e9rides del 8 de septiembre"},"content":{"rendered":"<p><a href=\"https:\/\/lamendigapolitica.com\/blog\/blog\/wp-content\/uploads\/2016\/09\/david.jpg\" rel=\"attachment wp-att-40786\"><img loading=\"lazy\" decoding=\"async\" class=\"aligncenter  wp-image-40786\" src=\"https:\/\/lamendigapolitica.com\/blog\/blog\/wp-content\/uploads\/2016\/09\/david.jpg\" alt=\"david\" width=\"373\" height=\"247\" \/><\/a><\/p>\n<p>&nbsp;<\/p>\n<p>1504.- El pintor y escultor italiano Miguel Angel Buonarroti (1475- 1564) presenta su escultura de m\u00e1rmol \u201cEl David\u201d, de m\u00e1s cinco metros de altura, la cual se exhibe en el Museo de la Academia, en Florencia.<\/p>\n<p>&nbsp;<\/p>\n<p>1645.- Muere el escritor espa\u00f1ol Francisco de Quevedo, una de las figuras m\u00e1s complejas e importantes del barroco espa\u00f1ol, quien usa la s\u00e1tira y la burla para criticar a la sociedad de su \u00e9poca. Autor de \u201cLa vida del busc\u00f3n llamado don Pablos\u201d, \u201cLos sue\u00f1os\u201d y \u201cMarco Bruto\u201d, entre otras obras. Nace el 14 de septiembre de 1580.<\/p>\n<p>&nbsp;<\/p>\n<p>1824.- Llega a este mundo el compositor espa\u00f1ol Jaime Nun\u00f3 Roca, autor de la m\u00fasica del Himno Nacional Mexicano. Muere el 18 de julio de 1908. Sus restos descansan en la Rotonda de las Personas Ilustres.<\/p>\n<p>&nbsp;<\/p>\n<p>1847: en M\u00e9xico comienza la invasi\u00f3n estadounidense.<\/p>\n<p>&nbsp;<\/p>\n<p>1888: en Londres se encuentra el cad\u00e1ver de Annie Chapman, la segunda v\u00edctima de asesinato de Jack el Destripador<\/p>\n<p>&nbsp;<\/p>\n<p>1900.- Ve su primera luz en Chihuahua, M\u00e9xico, la soldadera Adela Velarde \u201cLa adelita\u201d, destacada activista revolucionaria que se incorpora como enfermera a la Asociaci\u00f3n Mexicana de la Cruz Blanca. Muere en Estados Unidos en 1971.<\/p>\n<p>&nbsp;<\/p>\n<p>1928: la FIFA decide que el primer mundial se lleve a cabo en Uruguay.<\/p>\n<p>&nbsp;<\/p>\n<p>1952 Se publica \u00abEl Viejo y el Mar\u00bb, de Hemingway.<\/p>\n<p>&nbsp;<\/p>\n<p>2003: en Estados Unidos, la RIAA demanda a una ni\u00f1a de 12 a\u00f1os de edad por haber compartido m\u00fasica ilegalmente<\/p>\n","protected":false},"excerpt":{"rendered":"<p>&nbsp; 1504.- El pintor y escultor italiano Miguel Angel Buonarroti (1475- 1564) presenta su escultura de m\u00e1rmol \u201cEl David\u201d, de m\u00e1s cinco metros de altura, la cual se exhibe en el Museo de la Academia, en Florencia. &nbsp; 1645.- Muere el escritor espa\u00f1ol Francisco de Quevedo, una de las figuras m\u00e1s complejas e importantes del &hellip; <\/p>\n<p><a class=\"more-link btn\" href=\"https:\/\/lamendigapolitica.com\/?p=40785\">Seguir leyendo<\/a><\/p>\n","protected":false},"author":1,"featured_media":0,"comment_status":"open","ping_status":"closed","sticky":false,"template":"","format":"standard","meta":{"footnotes":""},"categories":[26,20,31,3,22],"tags":[],"class_list":["post-40785","post","type-post","status-publish","format-standard","hentry","category-cultura","category-gobierno","category-internacional","category-politica","category-sociales","item-wrap"],"_links":{"self":[{"href":"https:\/\/lamendigapolitica.com\/index.php?rest_route=\/wp\/v2\/posts\/40785","targetHints":{"allow":["GET"]}}],"collection":[{"href":"https:\/\/lamendigapolitica.com\/index.php?rest_route=\/wp\/v2\/posts"}],"about":[{"href":"https:\/\/lamendigapolitica.com\/index.php?rest_route=\/wp\/v2\/types\/post"}],"author":[{"embeddable":true,"href":"https:\/\/lamendigapolitica.com\/index.php?rest_route=\/wp\/v2\/users\/1"}],"replies":[{"embeddable":true,"href":"https:\/\/lamendigapolitica.com\/index.php?rest_route=%2Fwp%2Fv2%2Fcomments&post=40785"}],"version-history":[{"count":1,"href":"https:\/\/lamendigapolitica.com\/index.php?rest_route=\/wp\/v2\/posts\/40785\/revisions"}],"predecessor-version":[{"id":40787,"href":"https:\/\/lamendigapolitica.com\/index.php?rest_route=\/wp\/v2\/posts\/40785\/revisions\/40787"}],"wp:attachment":[{"href":"https:\/\/lamendigapolitica.com\/index.php?rest_route=%2Fwp%2Fv2%2Fmedia&parent=40785"}],"wp:term":[{"taxonomy":"category","embeddable":true,"href":"https:\/\/lamendigapolitica.com\/index.php?rest_route=%2Fwp%2Fv2%2Fcategories&post=40785"},{"taxonomy":"post_tag","embeddable":true,"href":"https:\/\/lamendigapolitica.com\/index.php?rest_route=%2Fwp%2Fv2%2Ftags&post=40785"}],"curies":[{"name":"wp","href":"https:\/\/api.w.org\/{rel}","templated":true}]}}