{"id":40758,"date":"2016-09-07T19:40:33","date_gmt":"2016-09-08T00:40:33","guid":{"rendered":"http:\/\/lamendigapolitica.com\/blog\/?p=40758"},"modified":"2016-09-07T19:48:14","modified_gmt":"2016-09-08T00:48:14","slug":"inauguran-juegos-paralimpicos-de-rio-2016","status":"publish","type":"post","link":"https:\/\/lamendigapolitica.com\/?p=40758","title":{"rendered":"Inauguran Juegos Paral\u00edmpicos de R\u00edo 2016"},"content":{"rendered":"<p><a href=\"https:\/\/lamendigapolitica.com\/blog\/blog\/wp-content\/uploads\/2016\/09\/foto.jpg\" rel=\"attachment wp-att-40761\"><img loading=\"lazy\" decoding=\"async\" class=\"aligncenter  wp-image-40761\" src=\"https:\/\/lamendigapolitica.com\/blog\/blog\/wp-content\/uploads\/2016\/09\/foto.jpg\" alt=\"foto\" width=\"371\" height=\"256\" srcset=\"https:\/\/lamendigapolitica.com\/wp-content\/uploads\/2016\/09\/foto.jpg 1200w, https:\/\/lamendigapolitica.com\/wp-content\/uploads\/2016\/09\/foto-300x207.jpg 300w, https:\/\/lamendigapolitica.com\/wp-content\/uploads\/2016\/09\/foto-768x529.jpg 768w, https:\/\/lamendigapolitica.com\/wp-content\/uploads\/2016\/09\/foto-1024x705.jpg 1024w\" sizes=\"auto, (max-width: 371px) 100vw, 371px\" \/><\/a><\/p>\n<p>&nbsp;<\/p>\n<p>Cerca de las 17:00 horas y con un mosaico multicultural y un mensaje de superaci\u00f3n e inspiraci\u00f3n para los atletas de todo el mundo de esta especialidad, arranc\u00f3 la ceremonia de inauguraci\u00f3n de los Juegos Paral\u00edmpicos R\u00edo 2016, en el emblem\u00e1tico estadio Maracan\u00e1. Entre abucheos de los miles de asistentes, el presidente de Brasil, Michel Temer, dio por iniciados los Juegos Paral\u00edmpicos de R\u00edo 2016.<\/p>\n<p>&nbsp;<\/p>\n<p>Un atleta sobre silla de ruedas de deporte extremo y en medio de las notas de la famosa samba, dio la bienvenida a la fiesta deportiva de personas con discapacidad en su versi\u00f3n 15 y que por primera vez se realiza en Sudam\u00e9rica.<\/p>\n<p>&nbsp;<\/p>\n<p>Hace cuatro a\u00f1os, la delegaci\u00f3n nacional se apoder\u00f3 de 21 medallas y ahora en R\u00edo 2016 van por la marca de 25. Entre las figuras est\u00e1n los nadadores Gustavo S\u00e1nchez, multimedalista en Londres 2012, el experimentado Juan Ignacio Reyes, Vianey Trejo, la halterista Amalia P\u00e9rez y la lanzadora Mar\u00eda de los \u00c1ngeles Ortiz, entre otros.\u00a0\u00a0 M\u00e9xico, cabe recordar, ha obtenido 276 medallas en los Juegos Paral\u00edmpicos.<\/p>\n<p>&nbsp;<\/p>\n<p>Las naciones que antecedieron a M\u00e9xico fueron China, que tiene el reto de superar lo hecho en Beijing 2008, as\u00ed como Colombia, Corea, Costa de Marfil y Cuba, que tiene 70 medallas en este tipo de justas.<\/p>\n","protected":false},"excerpt":{"rendered":"<p>&nbsp; Cerca de las 17:00 horas y con un mosaico multicultural y un mensaje de superaci\u00f3n e inspiraci\u00f3n para los atletas de todo el mundo de esta especialidad, arranc\u00f3 la ceremonia de inauguraci\u00f3n de los Juegos Paral\u00edmpicos R\u00edo 2016, en el emblem\u00e1tico estadio Maracan\u00e1. Entre abucheos de los miles de asistentes, el presidente de Brasil, &hellip; <\/p>\n<p><a class=\"more-link btn\" href=\"https:\/\/lamendigapolitica.com\/?p=40758\">Seguir leyendo<\/a><\/p>\n","protected":false},"author":1,"featured_media":0,"comment_status":"open","ping_status":"closed","sticky":false,"template":"","format":"standard","meta":{"footnotes":""},"categories":[6,20,5,3],"tags":[],"class_list":["post-40758","post","type-post","status-publish","format-standard","hentry","category-congreso","category-gobierno","category-partidos","category-politica","item-wrap"],"_links":{"self":[{"href":"https:\/\/lamendigapolitica.com\/index.php?rest_route=\/wp\/v2\/posts\/40758","targetHints":{"allow":["GET"]}}],"collection":[{"href":"https:\/\/lamendigapolitica.com\/index.php?rest_route=\/wp\/v2\/posts"}],"about":[{"href":"https:\/\/lamendigapolitica.com\/index.php?rest_route=\/wp\/v2\/types\/post"}],"author":[{"embeddable":true,"href":"https:\/\/lamendigapolitica.com\/index.php?rest_route=\/wp\/v2\/users\/1"}],"replies":[{"embeddable":true,"href":"https:\/\/lamendigapolitica.com\/index.php?rest_route=%2Fwp%2Fv2%2Fcomments&post=40758"}],"version-history":[{"count":3,"href":"https:\/\/lamendigapolitica.com\/index.php?rest_route=\/wp\/v2\/posts\/40758\/revisions"}],"predecessor-version":[{"id":40763,"href":"https:\/\/lamendigapolitica.com\/index.php?rest_route=\/wp\/v2\/posts\/40758\/revisions\/40763"}],"wp:attachment":[{"href":"https:\/\/lamendigapolitica.com\/index.php?rest_route=%2Fwp%2Fv2%2Fmedia&parent=40758"}],"wp:term":[{"taxonomy":"category","embeddable":true,"href":"https:\/\/lamendigapolitica.com\/index.php?rest_route=%2Fwp%2Fv2%2Fcategories&post=40758"},{"taxonomy":"post_tag","embeddable":true,"href":"https:\/\/lamendigapolitica.com\/index.php?rest_route=%2Fwp%2Fv2%2Ftags&post=40758"}],"curies":[{"name":"wp","href":"https:\/\/api.w.org\/{rel}","templated":true}]}}