{"id":40748,"date":"2016-09-07T18:50:06","date_gmt":"2016-09-07T23:50:06","guid":{"rendered":"http:\/\/lamendigapolitica.com\/blog\/?p=40748"},"modified":"2016-09-07T18:50:06","modified_gmt":"2016-09-07T23:50:06","slug":"guadalajara-presento-su-agenda-de-sustentabilidad-energetica","status":"publish","type":"post","link":"https:\/\/lamendigapolitica.com\/?p=40748","title":{"rendered":"Guadalajara present\u00f3 su Agenda de Sustentabilidad Energ\u00e9tica"},"content":{"rendered":"<p><a href=\"https:\/\/lamendigapolitica.com\/blog\/blog\/wp-content\/uploads\/2016\/09\/29415433862_0402345960_z.jpg\" rel=\"attachment wp-att-40749\"><img loading=\"lazy\" decoding=\"async\" class=\"aligncenter  wp-image-40749\" src=\"https:\/\/lamendigapolitica.com\/blog\/blog\/wp-content\/uploads\/2016\/09\/29415433862_0402345960_z.jpg\" alt=\"29415433862_0402345960_z\" width=\"407\" height=\"271\" srcset=\"https:\/\/lamendigapolitica.com\/wp-content\/uploads\/2016\/09\/29415433862_0402345960_z.jpg 640w, https:\/\/lamendigapolitica.com\/wp-content\/uploads\/2016\/09\/29415433862_0402345960_z-300x200.jpg 300w\" sizes=\"auto, (max-width: 407px) 100vw, 407px\" \/><\/a><\/p>\n<p>&nbsp;<\/p>\n<p>Guadalajara ser\u00e1 la ciudad mejor iluminada del pa\u00eds; se establecer\u00e1 un programa de edificios energ\u00eda cero; se contar\u00e1 con un C\u00f3digo de Eficiencia Energ\u00e9tica para la Edificaci\u00f3n de Inventarios de Emisiones y se adquirir\u00e1n energ\u00edas limpias para el consumo de alumbrado p\u00fablico, al menos esto es lo que establece Agenda de Sustentabilidad Energ\u00e9tica presentada esta ma\u00f1ana por el presidente municipal tapat\u00edo Enrique Alfaro.<\/p>\n<p>&nbsp;<\/p>\n<p>Se\u00f1al\u00f3 que se ha terminado con la primera etapa de renovaci\u00f3n de luminarias con tecnolog\u00eda led tras la sustituci\u00f3n de 40 mil unidades (poco m\u00e1s del 50 por ciento de las calles de la ciudad), lo que permitir\u00e1 un ahorro mensual de un mill\u00f3n 563 mil 700 kwh, aproximadamente, lo que es el 30 por ciento de la energ\u00eda utilizada. El primer edil agreg\u00f3 que en septiembre ya se registran ahorros de seis millones de pesos al mes, por lo que el ahorro anual ser\u00e1 de 72 millones de pesos. Se espera que con la sustituci\u00f3n de todas las luminarias en la ciudad, se ahorren 132 millones de pesos y se dejen de emitir 19 mil 200 toneladas de CO2 anuales.<\/p>\n<p>&nbsp;<\/p>\n<p>Estas medidas contribuir\u00e1n a evitar el calentamiento global al lograr una menor emisi\u00f3n de toneladas de CO2 (en promedio 813 toneladas mensuales menos), adem\u00e1s de que se respeta el ciclo de vigilia-sue\u00f1o o ritmo circadiano de los seres vivos en cuanto a la temperatura de color, al emplear luminarias con una temperatura similar a luz de la luna, a la cual ya est\u00e1n adaptados los seres vivos (aves, insectos y plantas).<\/p>\n<p>&nbsp;<\/p>\n<p>El 19 de septiembre de 2016 Guadalajara comenzar\u00e1 con el programa de edificios p\u00fablicos energ\u00eda cero, donde la energ\u00eda proviene del propio edificio mediante una fuente de energ\u00eda renovable (celdas solares) que cubrir\u00e1 la energ\u00eda demandada en sus \u00e1reas p\u00fablicas. El primer espacio que contar\u00e1 con esta tecnolog\u00eda ser\u00e1 el Mercado Corona. La fecha estimada de terminaci\u00f3n ser\u00e1 el 30 de noviembre con una inversi\u00f3n de cinco millones de pesos. En este espacio se colocar\u00e1n 396 paneles solares, dos inversores de corriente trif\u00e1sica para la generaci\u00f3n de 100 kwatts para las \u00e1reas comunes del Mercado Corona, elevadores, montacargas y \u201csite\u201d (Centro de C\u00f3mputo). Asimismo, se invertir\u00e1n 10 millones de pesos para poner paneles solares en el Mercado San Juan de Dios y Felipe \u00c1ngeles.<\/p>\n<p>&nbsp;<\/p>\n<p>\u201cGuadalajara y M\u00e9rida han sido seleccionadas para recibir el apoyo t\u00e9cnico y entrenamiento necesario en el desarrollo de un C\u00f3digo de Eficiencia Energ\u00e9tica para Edificaci\u00f3n e Inventario de Emisiones. Los trabajos est\u00e1n por iniciar y tenemos la expectativa de tener los resultados a finales de este a\u00f1o\u201d, adelant\u00f3 Enrique Alfaro. \u201cGuadalajara se convertir\u00e1 en una ciudad baja en emisiones de carbono; esto a partir de que los edificios se construyan bajo los principios de eficiencia energ\u00e9tica, y ser\u00e1 un referente en materia de mejores pr\u00e1cticas para la reducci\u00f3n en la demanda de energ\u00eda para la ciudad\u201d, agreg\u00f3 el mun\u00edcipe.<\/p>\n","protected":false},"excerpt":{"rendered":"<p>&nbsp; Guadalajara ser\u00e1 la ciudad mejor iluminada del pa\u00eds; se establecer\u00e1 un programa de edificios energ\u00eda cero; se contar\u00e1 con un C\u00f3digo de Eficiencia Energ\u00e9tica para la Edificaci\u00f3n de Inventarios de Emisiones y se adquirir\u00e1n energ\u00edas limpias para el consumo de alumbrado p\u00fablico, al menos esto es lo que establece Agenda de Sustentabilidad Energ\u00e9tica presentada &hellip; <\/p>\n<p><a class=\"more-link btn\" href=\"https:\/\/lamendigapolitica.com\/?p=40748\">Seguir leyendo<\/a><\/p>\n","protected":false},"author":1,"featured_media":0,"comment_status":"open","ping_status":"closed","sticky":false,"template":"","format":"standard","meta":{"footnotes":""},"categories":[6,30,20,5,3],"tags":[],"class_list":["post-40748","post","type-post","status-publish","format-standard","hentry","category-congreso","category-economia","category-gobierno","category-partidos","category-politica","item-wrap"],"_links":{"self":[{"href":"https:\/\/lamendigapolitica.com\/index.php?rest_route=\/wp\/v2\/posts\/40748","targetHints":{"allow":["GET"]}}],"collection":[{"href":"https:\/\/lamendigapolitica.com\/index.php?rest_route=\/wp\/v2\/posts"}],"about":[{"href":"https:\/\/lamendigapolitica.com\/index.php?rest_route=\/wp\/v2\/types\/post"}],"author":[{"embeddable":true,"href":"https:\/\/lamendigapolitica.com\/index.php?rest_route=\/wp\/v2\/users\/1"}],"replies":[{"embeddable":true,"href":"https:\/\/lamendigapolitica.com\/index.php?rest_route=%2Fwp%2Fv2%2Fcomments&post=40748"}],"version-history":[{"count":1,"href":"https:\/\/lamendigapolitica.com\/index.php?rest_route=\/wp\/v2\/posts\/40748\/revisions"}],"predecessor-version":[{"id":40750,"href":"https:\/\/lamendigapolitica.com\/index.php?rest_route=\/wp\/v2\/posts\/40748\/revisions\/40750"}],"wp:attachment":[{"href":"https:\/\/lamendigapolitica.com\/index.php?rest_route=%2Fwp%2Fv2%2Fmedia&parent=40748"}],"wp:term":[{"taxonomy":"category","embeddable":true,"href":"https:\/\/lamendigapolitica.com\/index.php?rest_route=%2Fwp%2Fv2%2Fcategories&post=40748"},{"taxonomy":"post_tag","embeddable":true,"href":"https:\/\/lamendigapolitica.com\/index.php?rest_route=%2Fwp%2Fv2%2Ftags&post=40748"}],"curies":[{"name":"wp","href":"https:\/\/api.w.org\/{rel}","templated":true}]}}