{"id":40745,"date":"2016-09-07T18:47:26","date_gmt":"2016-09-07T23:47:26","guid":{"rendered":"http:\/\/lamendigapolitica.com\/blog\/?p=40745"},"modified":"2016-09-07T18:47:26","modified_gmt":"2016-09-07T23:47:26","slug":"en-jalisco-primero-las-personas-asd","status":"publish","type":"post","link":"https:\/\/lamendigapolitica.com\/?p=40745","title":{"rendered":"En Jalisco primero las personas: ASD"},"content":{"rendered":"<p><a href=\"https:\/\/lamendigapolitica.com\/blog\/blog\/wp-content\/uploads\/2016\/09\/29442765491_e293846322_z.jpg\" rel=\"attachment wp-att-40746\"><img loading=\"lazy\" decoding=\"async\" class=\"aligncenter  wp-image-40746\" src=\"https:\/\/lamendigapolitica.com\/blog\/blog\/wp-content\/uploads\/2016\/09\/29442765491_e293846322_z.jpg\" alt=\"29442765491_e293846322_z\" width=\"362\" height=\"230\" srcset=\"https:\/\/lamendigapolitica.com\/wp-content\/uploads\/2016\/09\/29442765491_e293846322_z.jpg 640w, https:\/\/lamendigapolitica.com\/wp-content\/uploads\/2016\/09\/29442765491_e293846322_z-300x190.jpg 300w\" sizes=\"auto, (max-width: 362px) 100vw, 362px\" \/><\/a><\/p>\n<p>&nbsp;<\/p>\n<p>Arist\u00f3teles Sandoval, asegur\u00f3 que en su gobierno est\u00e1n al centro las personas y no las cosas, mejorando cada d\u00eda las pol\u00edticas p\u00fablicas como la reorganizaci\u00f3n del presupuesto de egresos, la rendici\u00f3n de cuentas y la transparencia en beneficio de los ciudadanos, al inaugurar el IX Seminario Internacional de la Red de Gesti\u00f3n para Resultados en Gobiernos Subnacionales de Am\u00e9rica Latina y el Caribe, el Gobernador de Jalisco,<\/p>\n<p>&nbsp;<\/p>\n<p>Estas reuniones de trabajo emprenden conjuntar diferentes visiones y llevar a la discusi\u00f3n qu\u00e9 se realiza en diferentes puntos de Am\u00e9rica Latina. \u201cPor ello, estamos nosotros, vamos a tener estos seminarios de reflexi\u00f3n en donde mejoremos nuestras pr\u00e1cticas, en donde la gesti\u00f3n que estamos llevando reduzca la curva de aprendizaje y se traduzca en resultados y que podamos focalizar los recursos para atender a m\u00e1s personas en situaci\u00f3n de marginalidad y de pobreza\u201d, dijo Sandoval.<\/p>\n<p>&nbsp;<\/p>\n<p>Reconoci\u00f3 que a\u00fan existen rezagos, sin embargo, en Jalisco se habla con la verdad y se comunica en qu\u00e9 se invierten los recursos, como en la Glosa Ciudadana, \u00fanico ejercicio del pa\u00eds que se lleva a cabo para generar confianza en los jaliscienses. Destac\u00f3 el crecimiento sostenido que ha tenido Jalisco, que no se registraba en los \u00faltimos 12 a\u00f1os en materia de empleo, inversi\u00f3n, exportaci\u00f3n, turismo, que se logran con procesos y programas de gesti\u00f3n.<\/p>\n","protected":false},"excerpt":{"rendered":"<p>&nbsp; Arist\u00f3teles Sandoval, asegur\u00f3 que en su gobierno est\u00e1n al centro las personas y no las cosas, mejorando cada d\u00eda las pol\u00edticas p\u00fablicas como la reorganizaci\u00f3n del presupuesto de egresos, la rendici\u00f3n de cuentas y la transparencia en beneficio de los ciudadanos, al inaugurar el IX Seminario Internacional de la Red de Gesti\u00f3n para Resultados &hellip; <\/p>\n<p><a class=\"more-link btn\" href=\"https:\/\/lamendigapolitica.com\/?p=40745\">Seguir leyendo<\/a><\/p>\n","protected":false},"author":1,"featured_media":0,"comment_status":"open","ping_status":"closed","sticky":false,"template":"","format":"standard","meta":{"footnotes":""},"categories":[6,30,20,5,3],"tags":[],"class_list":["post-40745","post","type-post","status-publish","format-standard","hentry","category-congreso","category-economia","category-gobierno","category-partidos","category-politica","item-wrap"],"_links":{"self":[{"href":"https:\/\/lamendigapolitica.com\/index.php?rest_route=\/wp\/v2\/posts\/40745","targetHints":{"allow":["GET"]}}],"collection":[{"href":"https:\/\/lamendigapolitica.com\/index.php?rest_route=\/wp\/v2\/posts"}],"about":[{"href":"https:\/\/lamendigapolitica.com\/index.php?rest_route=\/wp\/v2\/types\/post"}],"author":[{"embeddable":true,"href":"https:\/\/lamendigapolitica.com\/index.php?rest_route=\/wp\/v2\/users\/1"}],"replies":[{"embeddable":true,"href":"https:\/\/lamendigapolitica.com\/index.php?rest_route=%2Fwp%2Fv2%2Fcomments&post=40745"}],"version-history":[{"count":1,"href":"https:\/\/lamendigapolitica.com\/index.php?rest_route=\/wp\/v2\/posts\/40745\/revisions"}],"predecessor-version":[{"id":40747,"href":"https:\/\/lamendigapolitica.com\/index.php?rest_route=\/wp\/v2\/posts\/40745\/revisions\/40747"}],"wp:attachment":[{"href":"https:\/\/lamendigapolitica.com\/index.php?rest_route=%2Fwp%2Fv2%2Fmedia&parent=40745"}],"wp:term":[{"taxonomy":"category","embeddable":true,"href":"https:\/\/lamendigapolitica.com\/index.php?rest_route=%2Fwp%2Fv2%2Fcategories&post=40745"},{"taxonomy":"post_tag","embeddable":true,"href":"https:\/\/lamendigapolitica.com\/index.php?rest_route=%2Fwp%2Fv2%2Ftags&post=40745"}],"curies":[{"name":"wp","href":"https:\/\/api.w.org\/{rel}","templated":true}]}}