{"id":40742,"date":"2016-09-07T12:02:09","date_gmt":"2016-09-07T17:02:09","guid":{"rendered":"http:\/\/lamendigapolitica.com\/blog\/?p=40742"},"modified":"2016-09-07T12:02:09","modified_gmt":"2016-09-07T17:02:09","slug":"meade-revela-a-videgaray-en-la-shcp","status":"publish","type":"post","link":"https:\/\/lamendigapolitica.com\/?p=40742","title":{"rendered":"Meade revela a Videgaray en la SHCP"},"content":{"rendered":"<p><a href=\"https:\/\/lamendigapolitica.com\/blog\/blog\/wp-content\/uploads\/2016\/09\/EPN.jpg\" rel=\"attachment wp-att-40743\"><img loading=\"lazy\" decoding=\"async\" class=\"aligncenter  wp-image-40743\" src=\"https:\/\/lamendigapolitica.com\/blog\/blog\/wp-content\/uploads\/2016\/09\/EPN.jpg\" alt=\"epn\" width=\"342\" height=\"256\" \/><\/a><\/p>\n<p>&nbsp;<\/p>\n<p>El presidente Enrique Pe\u00f1a Nieto confirm\u00f3 esta ma\u00f1ana la renuncia de Luis Videgaray Caso al cargo de secretario de Hacienda.\u00a0En un mensaje a medios ofrecido en la Residencia Oficial de Los Pinos, el jefe del Ejecutivo federal reconoci\u00f3 p\u00fablicamente la labor y resultados de Videgaray al frente de la Secretar\u00eda de Hacienda y Cr\u00e9dito P\u00fablico (SHCP) y nombra en su lugar a Jos\u00e9 Antonio Meade Kuribre\u00f1a quien estuvo al frente de Sedesol durante un a\u00f1o.<\/p>\n<p>&nbsp;<\/p>\n<p>&nbsp;<\/p>\n<p>Destac\u00f3 los logros de la secretar\u00eda, se logr\u00f3 una reforma hacendaria que ha fortalecido las finanzas p\u00fablicas a partir de incremento, sin precedentes de los ingresos tributarios, y con ello una menor dependencia de ingreso petrolero. \u201cAlguien que ha sido clave en haber logrado la reforma financiera que ha permitido incrementar el cr\u00e9dito en la econom\u00eda con tasas m\u00e1s bajas y mayores facilidades\u201d, apunt\u00f3 Pe\u00f1a Nieto.<\/p>\n<p>&nbsp;<\/p>\n<p>Destac\u00f3 el compromiso de Videgaray Caso al frente de Hacienda, ya que durante su mandato, hab\u00eda sido el \u00fanico titular de la dependencia, asimismo, dijo que ha sido un funcionario leal con la Naci\u00f3n y el Presidente de la Rep\u00fablica.<\/p>\n<p>&nbsp;<\/p>\n<p>Luis Enrique Miranda Nava, abandona la subsecretar\u00eda de Gobernaci\u00f3n y llega a la titularidad de Sedesol, tarea en la que el Presidente de la Rep\u00fablica le encomend\u00f3 continuar con el impulso de las pol\u00edticas necesarias para mejorar la calidad de vida de los mexicanos, as\u00ed como para impulsar los esfuerzos en el combate de la pobreza.<\/p>\n","protected":false},"excerpt":{"rendered":"<p>&nbsp; El presidente Enrique Pe\u00f1a Nieto confirm\u00f3 esta ma\u00f1ana la renuncia de Luis Videgaray Caso al cargo de secretario de Hacienda.\u00a0En un mensaje a medios ofrecido en la Residencia Oficial de Los Pinos, el jefe del Ejecutivo federal reconoci\u00f3 p\u00fablicamente la labor y resultados de Videgaray al frente de la Secretar\u00eda de Hacienda y Cr\u00e9dito &hellip; <\/p>\n<p><a class=\"more-link btn\" href=\"https:\/\/lamendigapolitica.com\/?p=40742\">Seguir leyendo<\/a><\/p>\n","protected":false},"author":1,"featured_media":0,"comment_status":"open","ping_status":"closed","sticky":false,"template":"","format":"standard","meta":{"footnotes":""},"categories":[6,30,20,5,3],"tags":[],"class_list":["post-40742","post","type-post","status-publish","format-standard","hentry","category-congreso","category-economia","category-gobierno","category-partidos","category-politica","item-wrap"],"_links":{"self":[{"href":"https:\/\/lamendigapolitica.com\/index.php?rest_route=\/wp\/v2\/posts\/40742","targetHints":{"allow":["GET"]}}],"collection":[{"href":"https:\/\/lamendigapolitica.com\/index.php?rest_route=\/wp\/v2\/posts"}],"about":[{"href":"https:\/\/lamendigapolitica.com\/index.php?rest_route=\/wp\/v2\/types\/post"}],"author":[{"embeddable":true,"href":"https:\/\/lamendigapolitica.com\/index.php?rest_route=\/wp\/v2\/users\/1"}],"replies":[{"embeddable":true,"href":"https:\/\/lamendigapolitica.com\/index.php?rest_route=%2Fwp%2Fv2%2Fcomments&post=40742"}],"version-history":[{"count":1,"href":"https:\/\/lamendigapolitica.com\/index.php?rest_route=\/wp\/v2\/posts\/40742\/revisions"}],"predecessor-version":[{"id":40744,"href":"https:\/\/lamendigapolitica.com\/index.php?rest_route=\/wp\/v2\/posts\/40742\/revisions\/40744"}],"wp:attachment":[{"href":"https:\/\/lamendigapolitica.com\/index.php?rest_route=%2Fwp%2Fv2%2Fmedia&parent=40742"}],"wp:term":[{"taxonomy":"category","embeddable":true,"href":"https:\/\/lamendigapolitica.com\/index.php?rest_route=%2Fwp%2Fv2%2Fcategories&post=40742"},{"taxonomy":"post_tag","embeddable":true,"href":"https:\/\/lamendigapolitica.com\/index.php?rest_route=%2Fwp%2Fv2%2Ftags&post=40742"}],"curies":[{"name":"wp","href":"https:\/\/api.w.org\/{rel}","templated":true}]}}