{"id":40727,"date":"2016-09-07T09:55:04","date_gmt":"2016-09-07T14:55:04","guid":{"rendered":"http:\/\/lamendigapolitica.com\/blog\/?p=40727"},"modified":"2016-09-07T09:55:04","modified_gmt":"2016-09-07T14:55:04","slug":"los-cambios-en-el-gabinete-esperados","status":"publish","type":"post","link":"https:\/\/lamendigapolitica.com\/?p=40727","title":{"rendered":"Los cambios en el gabinete esperados"},"content":{"rendered":"<p><a href=\"https:\/\/lamendigapolitica.com\/blog\/blog\/wp-content\/uploads\/2016\/09\/videgaray-1.jpg\" rel=\"attachment wp-att-40728\"><img loading=\"lazy\" decoding=\"async\" class=\"aligncenter  wp-image-40728\" src=\"https:\/\/lamendigapolitica.com\/blog\/blog\/wp-content\/uploads\/2016\/09\/videgaray-1.jpg\" alt=\"videgaray\" width=\"367\" height=\"229\" \/><\/a><\/p>\n<p>&nbsp;<\/p>\n<p>En medio de una crisis de confianza y credibilidad por la que atraviesa el Presidente Enrique Pe\u00f1a Nieto, y que tuvo un momento amargo con la visita del candidato republicano Donald Trump a M\u00e9xico la semana pasada, este d\u00eda se ha confirmado la salida de Luis Videgaray Caso a la Secretar\u00eda de Hacienda, en su lugar quedar\u00eda Jos\u00e9 Antonio Meade Curibre\u00f1a, quien a su vez entrega la Secretar\u00eda de Desarrollo Social (Sedesol), publica SinEmbargo.<\/p>\n<p>&nbsp;<\/p>\n<p>Claudia Algorr\u00ed Guzm\u00e1n, titular de la Unidad de Comunicaci\u00f3n Social y Vocer\u00eda en la Secretar\u00eda de Hacienda, confirm\u00f3 esta ma\u00f1ana a Grupo F\u00f3rmula que Luis Videgaray Caso dejar\u00e1 la dependencia y al parecer no ser\u00e1 movido a alg\u00fan otro lugar dentro del Gabinete. Se dice que ir\u00e1 al Estado de M\u00e9xico a coordinar a los candidatos del PRI a distintos puestos. Pero en los hechos, es un exilio. La semana pasada, Videgaray vivi\u00f3 uno de los momentos m\u00e1s terribles de su carrera cuando se confirm\u00f3 que fue art\u00edfice de la escandalosa visita de Trump a M\u00e9xico de Trump. El Presidente dijo ayer en entrevista con Milenio que la decisi\u00f3n de invitar al republicano fue s\u00f3lo suya.<\/p>\n<p>&nbsp;<\/p>\n<p>La salida de Videgaray se da a un d\u00eda de que llegue el paquete econ\u00f3mico 2017 al recinto legislativo y en medio de una debacle de la econom\u00eda mexicana. Pero tambi\u00e9n se da cuando el desempe\u00f1o econ\u00f3mico de M\u00e9xico ha ca\u00eddo a niveles alarmantes. La distinta informaci\u00f3n que circula indica que Miguel \u00c1ngel Osorio Chong deja la Secretar\u00eda de Gobernaci\u00f3n (Segob) y lo sustituye Roberto Campa Cifrian, subsecretario de Derechos Humanos de la dependencia. Desde julio, despu\u00e9s del mal resultado que obtuvo el Partido Revolucionario Institucional (PRI) en las elecciones, se especulaban los posibles cambios. El pasado 25 de agosto, el Presidente Enrique Pe\u00f1a Nieto desanim\u00f3 a quienes hab\u00edan dicho que ven\u00edan cambios en el Gabinete Legal y Ampliado.<\/p>\n","protected":false},"excerpt":{"rendered":"<p>&nbsp; En medio de una crisis de confianza y credibilidad por la que atraviesa el Presidente Enrique Pe\u00f1a Nieto, y que tuvo un momento amargo con la visita del candidato republicano Donald Trump a M\u00e9xico la semana pasada, este d\u00eda se ha confirmado la salida de Luis Videgaray Caso a la Secretar\u00eda de Hacienda, en &hellip; <\/p>\n<p><a class=\"more-link btn\" href=\"https:\/\/lamendigapolitica.com\/?p=40727\">Seguir leyendo<\/a><\/p>\n","protected":false},"author":1,"featured_media":0,"comment_status":"open","ping_status":"closed","sticky":false,"template":"","format":"standard","meta":{"footnotes":""},"categories":[6,20,5,3],"tags":[],"class_list":["post-40727","post","type-post","status-publish","format-standard","hentry","category-congreso","category-gobierno","category-partidos","category-politica","item-wrap"],"_links":{"self":[{"href":"https:\/\/lamendigapolitica.com\/index.php?rest_route=\/wp\/v2\/posts\/40727","targetHints":{"allow":["GET"]}}],"collection":[{"href":"https:\/\/lamendigapolitica.com\/index.php?rest_route=\/wp\/v2\/posts"}],"about":[{"href":"https:\/\/lamendigapolitica.com\/index.php?rest_route=\/wp\/v2\/types\/post"}],"author":[{"embeddable":true,"href":"https:\/\/lamendigapolitica.com\/index.php?rest_route=\/wp\/v2\/users\/1"}],"replies":[{"embeddable":true,"href":"https:\/\/lamendigapolitica.com\/index.php?rest_route=%2Fwp%2Fv2%2Fcomments&post=40727"}],"version-history":[{"count":1,"href":"https:\/\/lamendigapolitica.com\/index.php?rest_route=\/wp\/v2\/posts\/40727\/revisions"}],"predecessor-version":[{"id":40729,"href":"https:\/\/lamendigapolitica.com\/index.php?rest_route=\/wp\/v2\/posts\/40727\/revisions\/40729"}],"wp:attachment":[{"href":"https:\/\/lamendigapolitica.com\/index.php?rest_route=%2Fwp%2Fv2%2Fmedia&parent=40727"}],"wp:term":[{"taxonomy":"category","embeddable":true,"href":"https:\/\/lamendigapolitica.com\/index.php?rest_route=%2Fwp%2Fv2%2Fcategories&post=40727"},{"taxonomy":"post_tag","embeddable":true,"href":"https:\/\/lamendigapolitica.com\/index.php?rest_route=%2Fwp%2Fv2%2Ftags&post=40727"}],"curies":[{"name":"wp","href":"https:\/\/api.w.org\/{rel}","templated":true}]}}