{"id":40724,"date":"2016-09-07T09:37:24","date_gmt":"2016-09-07T14:37:24","guid":{"rendered":"http:\/\/lamendigapolitica.com\/blog\/?p=40724"},"modified":"2016-09-07T09:37:24","modified_gmt":"2016-09-07T14:37:24","slug":"casi-50-millones-de-ninos-viven-desterrados","status":"publish","type":"post","link":"https:\/\/lamendigapolitica.com\/?p=40724","title":{"rendered":"Casi 50 millones de ni\u00f1os viven desterrados"},"content":{"rendered":"<p><a href=\"https:\/\/lamendigapolitica.com\/blog\/blog\/wp-content\/uploads\/2016\/09\/niosdesterrados.jpg\" rel=\"attachment wp-att-40725\"><img loading=\"lazy\" decoding=\"async\" class=\"aligncenter  wp-image-40725\" src=\"https:\/\/lamendigapolitica.com\/blog\/blog\/wp-content\/uploads\/2016\/09\/niosdesterrados.jpg\" alt=\"ni;osdesterrados\" width=\"344\" height=\"258\" \/><\/a><\/p>\n<p>&nbsp;<\/p>\n<p>Unos 50 millones de ni\u00f1os viven actualmente lejos de su lugar de origen, obligados a escapar de la violencia o a migrar en busca de oportunidades, advirti\u00f3 hoy Unicef, que llam\u00f3 la atenci\u00f3n sobre el riesgo al que se enfrentan todos estos menores. En un informe titulado Desarraigados, la agencia de la ONU para la infancia analiza la situaci\u00f3n de esos ni\u00f1os y demanda a los Gobiernos acciones concretas para mejorar su protecci\u00f3n.<\/p>\n<p>&nbsp;<\/p>\n<p>Entre ellas figuran acabar con la detenci\u00f3n de ni\u00f1os migrantes, mantener unidas a las familias para proteger a los menores y garantizar el acceso a la educaci\u00f3n a todos ellos. Esta es una crisis creciente a la que se enfrenta el mundo, ya sea en Asia, en Am\u00e9rica, en el Mediterr\u00e1neo o dentro de algunos pa\u00edses\u00bb, explic\u00f3 en una conferencia de prensa el director ejecutivo adjunto de Unicef, Justin Forsyth. Como muestra, el informe apunta que entre 2005 y 2015 el n\u00famero de ni\u00f1os refugiados se duplic\u00f3, mientras que el de ni\u00f1os migrantes aument\u00f3 un 21 %.<\/p>\n<p>&nbsp;<\/p>\n<p>En total, 31 millones de ni\u00f1os viven hoy fuera de sus pa\u00edses de nacimiento, incluidos 11 millones de refugiados y solicitantes de asilo, mientras hay unos 17 millones de menores que se encuentran desplazados dentro de sus propios Estados. De esos casi 50 millones de menores alejados de sus hogares, m\u00e1s de la mitad (28 millones) se vieron forzados a huir por conflictos o violencia. Unicef destaca que los ni\u00f1os representan un \u00abporcentaje desproporcionado y creciente\u00bb de todos los desplazados y suponen casi la mitad de todos los refugiados que hay en el mundo.<\/p>\n<p>&nbsp;<\/p>\n<p>Adem\u00e1s, cada vez hay m\u00e1s menores que cruzan solos las fronteras, pues, seg\u00fan el texto, en 2015 unos 100 mil ni\u00f1os no acompa\u00f1ados solicitaron asilo en 78 pa\u00edses, el triple que en 2014. Esos menores que viajan sin compa\u00f1\u00eda est\u00e1n muy expuestos a sufrir explotaci\u00f3n y abusos por parte de contrabandistas y traficantes de personas, recuerda Unicef. La educaci\u00f3n tambi\u00e9n sufre enormemente cuando un ni\u00f1o se ve obligado a dejar su lugar de origen y, por ejemplo, los refugiados tienen cinco veces m\u00e1s probabilidades de no asistir a la escuela que el resto de menores.<\/p>\n","protected":false},"excerpt":{"rendered":"<p>&nbsp; Unos 50 millones de ni\u00f1os viven actualmente lejos de su lugar de origen, obligados a escapar de la violencia o a migrar en busca de oportunidades, advirti\u00f3 hoy Unicef, que llam\u00f3 la atenci\u00f3n sobre el riesgo al que se enfrentan todos estos menores. En un informe titulado Desarraigados, la agencia de la ONU para &hellip; <\/p>\n<p><a class=\"more-link btn\" href=\"https:\/\/lamendigapolitica.com\/?p=40724\">Seguir leyendo<\/a><\/p>\n","protected":false},"author":1,"featured_media":0,"comment_status":"open","ping_status":"closed","sticky":false,"template":"","format":"standard","meta":{"footnotes":""},"categories":[20,31,3,29,27],"tags":[],"class_list":["post-40724","post","type-post","status-publish","format-standard","hentry","category-gobierno","category-internacional","category-politica","category-salud","category-seguridad","item-wrap"],"_links":{"self":[{"href":"https:\/\/lamendigapolitica.com\/index.php?rest_route=\/wp\/v2\/posts\/40724","targetHints":{"allow":["GET"]}}],"collection":[{"href":"https:\/\/lamendigapolitica.com\/index.php?rest_route=\/wp\/v2\/posts"}],"about":[{"href":"https:\/\/lamendigapolitica.com\/index.php?rest_route=\/wp\/v2\/types\/post"}],"author":[{"embeddable":true,"href":"https:\/\/lamendigapolitica.com\/index.php?rest_route=\/wp\/v2\/users\/1"}],"replies":[{"embeddable":true,"href":"https:\/\/lamendigapolitica.com\/index.php?rest_route=%2Fwp%2Fv2%2Fcomments&post=40724"}],"version-history":[{"count":1,"href":"https:\/\/lamendigapolitica.com\/index.php?rest_route=\/wp\/v2\/posts\/40724\/revisions"}],"predecessor-version":[{"id":40726,"href":"https:\/\/lamendigapolitica.com\/index.php?rest_route=\/wp\/v2\/posts\/40724\/revisions\/40726"}],"wp:attachment":[{"href":"https:\/\/lamendigapolitica.com\/index.php?rest_route=%2Fwp%2Fv2%2Fmedia&parent=40724"}],"wp:term":[{"taxonomy":"category","embeddable":true,"href":"https:\/\/lamendigapolitica.com\/index.php?rest_route=%2Fwp%2Fv2%2Fcategories&post=40724"},{"taxonomy":"post_tag","embeddable":true,"href":"https:\/\/lamendigapolitica.com\/index.php?rest_route=%2Fwp%2Fv2%2Ftags&post=40724"}],"curies":[{"name":"wp","href":"https:\/\/api.w.org\/{rel}","templated":true}]}}