{"id":40714,"date":"2016-09-06T19:12:12","date_gmt":"2016-09-07T00:12:12","guid":{"rendered":"http:\/\/lamendigapolitica.com\/blog\/?p=40714"},"modified":"2016-09-06T19:12:12","modified_gmt":"2016-09-07T00:12:12","slug":"sep-preve-despedir-a-mas-de-dos-mil-maestros-paristas","status":"publish","type":"post","link":"https:\/\/lamendigapolitica.com\/?p=40714","title":{"rendered":"SEP prev\u00e9 despedir a m\u00e1s de dos mil maestros paristas"},"content":{"rendered":"<p><a href=\"https:\/\/lamendigapolitica.com\/blog\/blog\/wp-content\/uploads\/2016\/09\/maestros.jpg\" rel=\"attachment wp-att-40715\"><img loading=\"lazy\" decoding=\"async\" class=\"aligncenter  wp-image-40715\" src=\"https:\/\/lamendigapolitica.com\/blog\/blog\/wp-content\/uploads\/2016\/09\/maestros.jpg\" alt=\"maestros\" width=\"424\" height=\"212\" srcset=\"https:\/\/lamendigapolitica.com\/wp-content\/uploads\/2016\/09\/maestros.jpg 318w, https:\/\/lamendigapolitica.com\/wp-content\/uploads\/2016\/09\/maestros-300x150.jpg 300w\" sizes=\"auto, (max-width: 424px) 100vw, 424px\" \/><\/a><\/p>\n<p>&nbsp;<\/p>\n<p>M\u00e1s dos mil maestros de la Coordinadora Nacional de Trabajadores de la Educaci\u00f3n (CNTE) de varios estados ser\u00e1n despedidos por acumular m\u00e1s de tres faltas consecutivas, asegur\u00f3 el Secretario de Educaci\u00f3n P\u00fablica, Aurelio Nu\u00f1o<\/p>\n<p>&nbsp;<\/p>\n<p>Durante el evento Foro de Consulta sobre el Nuevo Modelo Educativo y la Propuesta Curricular para la Educaci\u00f3n Obligatoria con el Consejo Nacional de Participaci\u00f3n Social en la Educaci\u00f3n (Conapase), Nu\u00f1o reconoci\u00f3 que la reforma educativa no est\u00e1 siendo aplicada en los estados de Oaxaca, Chiapas y Guerrero.<\/p>\n<p>&nbsp;<\/p>\n<p>\u201cHay resistencias, hay barreras. Vamos a seguir trabajando para superarlas y para que en esos estados pueda continuar con todo la reforma educativa\u201d, se\u00f1al\u00f3. Afirm\u00f3 que el dialogo que ofrece la SEP a los maestros es en cuanto al nuevo Modelo Educativo y a las pol\u00edticas p\u00fablicas, pero no a la abrogaci\u00f3n de la Reforma.<\/p>\n","protected":false},"excerpt":{"rendered":"<p>&nbsp; M\u00e1s dos mil maestros de la Coordinadora Nacional de Trabajadores de la Educaci\u00f3n (CNTE) de varios estados ser\u00e1n despedidos por acumular m\u00e1s de tres faltas consecutivas, asegur\u00f3 el Secretario de Educaci\u00f3n P\u00fablica, Aurelio Nu\u00f1o &nbsp; Durante el evento Foro de Consulta sobre el Nuevo Modelo Educativo y la Propuesta Curricular para la Educaci\u00f3n Obligatoria &hellip; <\/p>\n<p><a class=\"more-link btn\" href=\"https:\/\/lamendigapolitica.com\/?p=40714\">Seguir leyendo<\/a><\/p>\n","protected":false},"author":1,"featured_media":0,"comment_status":"open","ping_status":"closed","sticky":false,"template":"","format":"standard","meta":{"footnotes":""},"categories":[6,28,20,5,3],"tags":[],"class_list":["post-40714","post","type-post","status-publish","format-standard","hentry","category-congreso","category-educacion","category-gobierno","category-partidos","category-politica","item-wrap"],"_links":{"self":[{"href":"https:\/\/lamendigapolitica.com\/index.php?rest_route=\/wp\/v2\/posts\/40714","targetHints":{"allow":["GET"]}}],"collection":[{"href":"https:\/\/lamendigapolitica.com\/index.php?rest_route=\/wp\/v2\/posts"}],"about":[{"href":"https:\/\/lamendigapolitica.com\/index.php?rest_route=\/wp\/v2\/types\/post"}],"author":[{"embeddable":true,"href":"https:\/\/lamendigapolitica.com\/index.php?rest_route=\/wp\/v2\/users\/1"}],"replies":[{"embeddable":true,"href":"https:\/\/lamendigapolitica.com\/index.php?rest_route=%2Fwp%2Fv2%2Fcomments&post=40714"}],"version-history":[{"count":1,"href":"https:\/\/lamendigapolitica.com\/index.php?rest_route=\/wp\/v2\/posts\/40714\/revisions"}],"predecessor-version":[{"id":40716,"href":"https:\/\/lamendigapolitica.com\/index.php?rest_route=\/wp\/v2\/posts\/40714\/revisions\/40716"}],"wp:attachment":[{"href":"https:\/\/lamendigapolitica.com\/index.php?rest_route=%2Fwp%2Fv2%2Fmedia&parent=40714"}],"wp:term":[{"taxonomy":"category","embeddable":true,"href":"https:\/\/lamendigapolitica.com\/index.php?rest_route=%2Fwp%2Fv2%2Fcategories&post=40714"},{"taxonomy":"post_tag","embeddable":true,"href":"https:\/\/lamendigapolitica.com\/index.php?rest_route=%2Fwp%2Fv2%2Ftags&post=40714"}],"curies":[{"name":"wp","href":"https:\/\/api.w.org\/{rel}","templated":true}]}}