{"id":40711,"date":"2016-09-06T19:10:11","date_gmt":"2016-09-07T00:10:11","guid":{"rendered":"http:\/\/lamendigapolitica.com\/blog\/?p=40711"},"modified":"2016-09-06T19:10:11","modified_gmt":"2016-09-07T00:10:11","slug":"madero-propone-crear-la-comision-de-piso-parejo","status":"publish","type":"post","link":"https:\/\/lamendigapolitica.com\/?p=40711","title":{"rendered":"Madero propone crear la comisi\u00f3n \u201cde piso parejo\u201d"},"content":{"rendered":"<p><a href=\"https:\/\/lamendigapolitica.com\/blog\/blog\/wp-content\/uploads\/2016\/09\/Gustavo-Madero-Mu\u00f1oz.jpg\" rel=\"attachment wp-att-40712\"><img loading=\"lazy\" decoding=\"async\" class=\"aligncenter  wp-image-40712\" src=\"https:\/\/lamendigapolitica.com\/blog\/blog\/wp-content\/uploads\/2016\/09\/Gustavo-Madero-Mu\u00f1oz.jpg\" alt=\"Gustavo Madero Mu\u00f1oz\" width=\"375\" height=\"226\" \/><\/a><\/p>\n<p>&nbsp;<\/p>\n<p>El ex dirigente nacional del PAN, Gustavo Madero Mu\u00f1oz, quien conden\u00f3 p\u00fablicamente la decisi\u00f3n de no designarlo presidente de la mesa directiva de la C\u00e1mara de Diputados, consider\u00f3 que debe crearse al interior del Comit\u00e9 Ejecutivo Nacional (CEN) una comisi\u00f3n denominada \u201cde piso parejo\u201d que arbitre el proceso interno para elegir al candidato presidencial del PAN en 2018, publica hoy 24 Horas.<\/p>\n<p>&nbsp;<\/p>\n<p>\u201cYo he planteado este como un dilema de tipo moral, de tipo de equidad, de que no se debe construir la candidatura a partir del un puesto, sino a partir de un liderazgo, a partir de su agenda, de sus propuestas y no que sea el puesto el que est\u00e9 generando las condiciones de competitividad de una de las personas que pueden ser candidatos internos de nuestro partido\u201d, consider\u00f3 el diputado panista.<\/p>\n<p>&nbsp;<\/p>\n<p>Este \u00f3rgano funcionar\u00eda como un \u00e1rbitro que evaluar\u00eda cualquier decisi\u00f3n relacionada con el proceso interno y podr\u00eda integrarse por militantes que no est\u00e9n ligados a expresiones internas y con \u201cestatura moral\u201d, consider\u00f3 que su cr\u00edtica p\u00fablica hacia el actual dirigente nacional del PAN no refleja que haya dolor o cicatrices que cerrar, sino un anhelo por \u201ccuidar\u201d al partido de cara a las pr\u00f3ximas elecciones.<\/p>\n<p>&nbsp;<\/p>\n<p>En este contexto, revel\u00f3 que busc\u00f3 a Anaya para hablar de sus se\u00f1alamientos p\u00fablicos, y que el queretano no lo recibi\u00f3. Tambi\u00e9n critic\u00f3 que las \u201cpuertas del partido est\u00e9n cerradas\u201d para los simpatizantes del PAN que desean afiliarse formalmente. \u201cEste es un dato preocupante, un partido que se cierra, un partido que no admite hoy y hagan el intento de solicitar afiliarse y va a ver que no, que no va a prosperar\u201d, coment\u00f3.<\/p>\n<p>&nbsp;<\/p>\n<p>Lo anterior, agreg\u00f3, \u201cpone en riesgo\u201d la unidad o la equidad del PAN: \u201cgane quien gane necesitamos legitimidad y no a punta de abusos\u201d.<\/p>\n","protected":false},"excerpt":{"rendered":"<p>&nbsp; El ex dirigente nacional del PAN, Gustavo Madero Mu\u00f1oz, quien conden\u00f3 p\u00fablicamente la decisi\u00f3n de no designarlo presidente de la mesa directiva de la C\u00e1mara de Diputados, consider\u00f3 que debe crearse al interior del Comit\u00e9 Ejecutivo Nacional (CEN) una comisi\u00f3n denominada \u201cde piso parejo\u201d que arbitre el proceso interno para elegir al candidato presidencial &hellip; <\/p>\n<p><a class=\"more-link btn\" href=\"https:\/\/lamendigapolitica.com\/?p=40711\">Seguir leyendo<\/a><\/p>\n","protected":false},"author":1,"featured_media":0,"comment_status":"open","ping_status":"closed","sticky":false,"template":"","format":"standard","meta":{"footnotes":""},"categories":[6,20,5,3],"tags":[],"class_list":["post-40711","post","type-post","status-publish","format-standard","hentry","category-congreso","category-gobierno","category-partidos","category-politica","item-wrap"],"_links":{"self":[{"href":"https:\/\/lamendigapolitica.com\/index.php?rest_route=\/wp\/v2\/posts\/40711","targetHints":{"allow":["GET"]}}],"collection":[{"href":"https:\/\/lamendigapolitica.com\/index.php?rest_route=\/wp\/v2\/posts"}],"about":[{"href":"https:\/\/lamendigapolitica.com\/index.php?rest_route=\/wp\/v2\/types\/post"}],"author":[{"embeddable":true,"href":"https:\/\/lamendigapolitica.com\/index.php?rest_route=\/wp\/v2\/users\/1"}],"replies":[{"embeddable":true,"href":"https:\/\/lamendigapolitica.com\/index.php?rest_route=%2Fwp%2Fv2%2Fcomments&post=40711"}],"version-history":[{"count":1,"href":"https:\/\/lamendigapolitica.com\/index.php?rest_route=\/wp\/v2\/posts\/40711\/revisions"}],"predecessor-version":[{"id":40713,"href":"https:\/\/lamendigapolitica.com\/index.php?rest_route=\/wp\/v2\/posts\/40711\/revisions\/40713"}],"wp:attachment":[{"href":"https:\/\/lamendigapolitica.com\/index.php?rest_route=%2Fwp%2Fv2%2Fmedia&parent=40711"}],"wp:term":[{"taxonomy":"category","embeddable":true,"href":"https:\/\/lamendigapolitica.com\/index.php?rest_route=%2Fwp%2Fv2%2Fcategories&post=40711"},{"taxonomy":"post_tag","embeddable":true,"href":"https:\/\/lamendigapolitica.com\/index.php?rest_route=%2Fwp%2Fv2%2Ftags&post=40711"}],"curies":[{"name":"wp","href":"https:\/\/api.w.org\/{rel}","templated":true}]}}