{"id":40699,"date":"2016-09-06T18:29:40","date_gmt":"2016-09-06T23:29:40","guid":{"rendered":"http:\/\/lamendigapolitica.com\/blog\/?p=40699"},"modified":"2016-09-06T18:29:40","modified_gmt":"2016-09-06T23:29:40","slug":"guadalajara-sera-sede-del-primer-encuentro-de-centros-historicos","status":"publish","type":"post","link":"https:\/\/lamendigapolitica.com\/?p=40699","title":{"rendered":"Guadalajara ser\u00e1 sede del Primer Encuentro de Centros Hist\u00f3ricos"},"content":{"rendered":"<p><a href=\"https:\/\/lamendigapolitica.com\/blog\/blog\/wp-content\/uploads\/2016\/09\/29394400132_b39c129feb_z.jpg\" rel=\"attachment wp-att-40700\"><img loading=\"lazy\" decoding=\"async\" class=\"aligncenter  wp-image-40700\" src=\"https:\/\/lamendigapolitica.com\/blog\/blog\/wp-content\/uploads\/2016\/09\/29394400132_b39c129feb_z.jpg\" alt=\"29394400132_b39c129feb_z\" width=\"418\" height=\"280\" srcset=\"https:\/\/lamendigapolitica.com\/wp-content\/uploads\/2016\/09\/29394400132_b39c129feb_z.jpg 640w, https:\/\/lamendigapolitica.com\/wp-content\/uploads\/2016\/09\/29394400132_b39c129feb_z-300x201.jpg 300w\" sizes=\"auto, (max-width: 418px) 100vw, 418px\" \/><\/a><\/p>\n<p>&nbsp;<\/p>\n<p>Representantes de 10 ciudades mexicanas y de La Habana, Cuba, vendr\u00e1n a Guadalajara a participar en el Primer Encuentro de Centros Hist\u00f3ricos en el que la perla tapat\u00eda ser\u00e1 anfitriona y en el que se abordar\u00e1n temas de relevancia para contar con un Plan de Manejo y aspirar a ser declarada como zona de Monumentos Nacionales, previo a la b\u00fasqueda de considerarse Sitio Unesco. Este encuentro se realizar\u00e1 del 8 al 10 de septiembre en el Palacio Municipal.<\/p>\n<p>&nbsp;<\/p>\n<p>La regidora Mar\u00eda Leticia Ch\u00e1vez P\u00e9rez se\u00f1al\u00f3 que como resultado de este encuentro se implementen pol\u00edticas p\u00fablicas para: \u201cReorientar la actividad econ\u00f3mica hacia la econom\u00eda naranja y el turismo; rescatar inmuebles hist\u00f3rico-ambientales y conjuntos arquitect\u00f3nicos relevantes\u201d. As\u00ed como mejorar los est\u00e1ndares de limpieza en espacio p\u00fablico y en propiedades, elevar la presencia de marcas culturales y comerciales de prestigio y fomentar la creatividad en eventos sobre el espacio p\u00fablico\u201d, as\u00ed como ordenar el comercio ambulante, aumentar los niveles de seguridad, incrementar el cumplimiento de la normatividad; potencializar el uso del transporte p\u00fablico y fomentar la movilidad peatonal y no motorizada.<\/p>\n<p>&nbsp;<\/p>\n<p>El Primer Encuentro tendr\u00e1 seis ejes tem\u00e1ticos: Movilidad; Repoblamiento; Conservaci\u00f3n de inmuebles y conjuntos patrimoniales; Desarrollo econ\u00f3mico: sector tur\u00edstico y econom\u00eda naranja; Espacio p\u00fablico y Manejo de manifestaciones sociales. Est\u00e1n invitados a participar 10 centros hist\u00f3ricos nueve nacionales y La Habana Vieja. Las ciudades mexicanas que participar\u00e1n son: Ciudad de M\u00e9xico, Oaxaca, Veracruz, Morelia, Zacatecas y M\u00e9rida, entre otras.<\/p>\n<p>&nbsp;<\/p>\n<p>Roberto Orozco, representante de Cesjal, refiri\u00f3 que se redact\u00f3 un documento en conjunto con el Patronato del Centro Hist\u00f3rico en el que se realizaron algunas propuestas al Gobierno tapat\u00edo para que elaborara pol\u00edticas p\u00fablicas encaminadas a la mejora de un espacio tan relevante cultural, hist\u00f3rica y econ\u00f3micamente para la ciudad como lo es el Centro Hist\u00f3rico.<\/p>\n","protected":false},"excerpt":{"rendered":"<p>&nbsp; Representantes de 10 ciudades mexicanas y de La Habana, Cuba, vendr\u00e1n a Guadalajara a participar en el Primer Encuentro de Centros Hist\u00f3ricos en el que la perla tapat\u00eda ser\u00e1 anfitriona y en el que se abordar\u00e1n temas de relevancia para contar con un Plan de Manejo y aspirar a ser declarada como zona de &hellip; <\/p>\n<p><a class=\"more-link btn\" href=\"https:\/\/lamendigapolitica.com\/?p=40699\">Seguir leyendo<\/a><\/p>\n","protected":false},"author":1,"featured_media":0,"comment_status":"open","ping_status":"closed","sticky":false,"template":"","format":"standard","meta":{"footnotes":""},"categories":[6,30,20,5,3],"tags":[],"class_list":["post-40699","post","type-post","status-publish","format-standard","hentry","category-congreso","category-economia","category-gobierno","category-partidos","category-politica","item-wrap"],"_links":{"self":[{"href":"https:\/\/lamendigapolitica.com\/index.php?rest_route=\/wp\/v2\/posts\/40699","targetHints":{"allow":["GET"]}}],"collection":[{"href":"https:\/\/lamendigapolitica.com\/index.php?rest_route=\/wp\/v2\/posts"}],"about":[{"href":"https:\/\/lamendigapolitica.com\/index.php?rest_route=\/wp\/v2\/types\/post"}],"author":[{"embeddable":true,"href":"https:\/\/lamendigapolitica.com\/index.php?rest_route=\/wp\/v2\/users\/1"}],"replies":[{"embeddable":true,"href":"https:\/\/lamendigapolitica.com\/index.php?rest_route=%2Fwp%2Fv2%2Fcomments&post=40699"}],"version-history":[{"count":1,"href":"https:\/\/lamendigapolitica.com\/index.php?rest_route=\/wp\/v2\/posts\/40699\/revisions"}],"predecessor-version":[{"id":40701,"href":"https:\/\/lamendigapolitica.com\/index.php?rest_route=\/wp\/v2\/posts\/40699\/revisions\/40701"}],"wp:attachment":[{"href":"https:\/\/lamendigapolitica.com\/index.php?rest_route=%2Fwp%2Fv2%2Fmedia&parent=40699"}],"wp:term":[{"taxonomy":"category","embeddable":true,"href":"https:\/\/lamendigapolitica.com\/index.php?rest_route=%2Fwp%2Fv2%2Fcategories&post=40699"},{"taxonomy":"post_tag","embeddable":true,"href":"https:\/\/lamendigapolitica.com\/index.php?rest_route=%2Fwp%2Fv2%2Ftags&post=40699"}],"curies":[{"name":"wp","href":"https:\/\/api.w.org\/{rel}","templated":true}]}}