{"id":40671,"date":"2016-09-05T18:47:55","date_gmt":"2016-09-05T23:47:55","guid":{"rendered":"http:\/\/lamendigapolitica.com\/blog\/?p=40671"},"modified":"2016-09-05T18:47:55","modified_gmt":"2016-09-05T23:47:55","slug":"jalisco-crecimiento-en-materia-agropecuaria-aristoteles","status":"publish","type":"post","link":"https:\/\/lamendigapolitica.com\/?p=40671","title":{"rendered":"Jalisco, Crecimiento en materia agropecuaria: Arist\u00f3teles"},"content":{"rendered":"<p><a href=\"https:\/\/lamendigapolitica.com\/blog\/blog\/wp-content\/uploads\/2016\/09\/29480499405_a7a84948f1_z-1.jpg\" rel=\"attachment wp-att-40672\"><img loading=\"lazy\" decoding=\"async\" class=\"aligncenter  wp-image-40672\" src=\"https:\/\/lamendigapolitica.com\/blog\/blog\/wp-content\/uploads\/2016\/09\/29480499405_a7a84948f1_z-1.jpg\" alt=\"29480499405_a7a84948f1_z (1)\" width=\"408\" height=\"259\" srcset=\"https:\/\/lamendigapolitica.com\/wp-content\/uploads\/2016\/09\/29480499405_a7a84948f1_z-1.jpg 640w, https:\/\/lamendigapolitica.com\/wp-content\/uploads\/2016\/09\/29480499405_a7a84948f1_z-1-300x190.jpg 300w\" sizes=\"auto, (max-width: 408px) 100vw, 408px\" \/><\/a><\/p>\n<p>&nbsp;<\/p>\n<p>El crecimiento exponencial de las exportaciones agropecuarias de Jalisco a 67 pa\u00edses, la tecnificaci\u00f3n del campo de Jalisco, la generaci\u00f3n de empleos del sector primario y la visi\u00f3n de desarrollo rural sostenible, hacen de Jalisco una venta abierta al mundo, afirm\u00f3 el Gobernador Arist\u00f3teles Sandoval durante la Conferencia Magistral \u201cPerspectiva actual del campo de M\u00e9xico\u201d, que imparti\u00f3 en la Universidad Aut\u00f3noma de Guadalajara (UAG) el secretario de Agricultura, Ganader\u00eda, Desarrollo Rural, Pesca y Alimentaci\u00f3n (SAGARPA), Jos\u00e9 Calzada Rovirosa, a quien agradeci\u00f3 el apoyo para continuar con la expansi\u00f3n comercial de Jalisco.<\/p>\n<p>&nbsp;<\/p>\n<p>En una parte de la conferencia resalt\u00f3 que \u201cUna se\u00f1al de que el trabajo y el talento de los jaliscienses hacen m\u00e1s f\u00e9rtil nuestra tierra. Todo esto se esfuerza con la generaci\u00f3n de conocimiento y su aplicaci\u00f3n posterior, esa es la importancia del encuentro que celebramos hoy; desde la Universidad Aut\u00f3noma de Guadalajara se proyecta una oferta acad\u00e9mica o espacios para la reflexi\u00f3n que inciden en la profesionalizaci\u00f3n de esta industria\u201d, destac\u00f3 Sandoval.<\/p>\n<p>&nbsp;<\/p>\n<p>Tambi\u00e9n destac\u00f3 que los acuerdos logrados en la II Cumbre de Cambio Clim\u00e1tico y el encuentro de Gobernadores por el Clima y los Bosques, deben ser un eje rector en todas las pol\u00edticas, proyectos y acciones enfocadas al campo jalisciense, ya que el desarrollo rural sustentable debe ir de la mano de proyectos de protecci\u00f3n ambiental y contra el cambio clim\u00e1tico.<\/p>\n","protected":false},"excerpt":{"rendered":"<p>&nbsp; El crecimiento exponencial de las exportaciones agropecuarias de Jalisco a 67 pa\u00edses, la tecnificaci\u00f3n del campo de Jalisco, la generaci\u00f3n de empleos del sector primario y la visi\u00f3n de desarrollo rural sostenible, hacen de Jalisco una venta abierta al mundo, afirm\u00f3 el Gobernador Arist\u00f3teles Sandoval durante la Conferencia Magistral \u201cPerspectiva actual del campo de &hellip; <\/p>\n<p><a class=\"more-link btn\" href=\"https:\/\/lamendigapolitica.com\/?p=40671\">Seguir leyendo<\/a><\/p>\n","protected":false},"author":1,"featured_media":0,"comment_status":"open","ping_status":"closed","sticky":false,"template":"","format":"standard","meta":{"footnotes":""},"categories":[6,30,20,5,3],"tags":[],"class_list":["post-40671","post","type-post","status-publish","format-standard","hentry","category-congreso","category-economia","category-gobierno","category-partidos","category-politica","item-wrap"],"_links":{"self":[{"href":"https:\/\/lamendigapolitica.com\/index.php?rest_route=\/wp\/v2\/posts\/40671","targetHints":{"allow":["GET"]}}],"collection":[{"href":"https:\/\/lamendigapolitica.com\/index.php?rest_route=\/wp\/v2\/posts"}],"about":[{"href":"https:\/\/lamendigapolitica.com\/index.php?rest_route=\/wp\/v2\/types\/post"}],"author":[{"embeddable":true,"href":"https:\/\/lamendigapolitica.com\/index.php?rest_route=\/wp\/v2\/users\/1"}],"replies":[{"embeddable":true,"href":"https:\/\/lamendigapolitica.com\/index.php?rest_route=%2Fwp%2Fv2%2Fcomments&post=40671"}],"version-history":[{"count":1,"href":"https:\/\/lamendigapolitica.com\/index.php?rest_route=\/wp\/v2\/posts\/40671\/revisions"}],"predecessor-version":[{"id":40673,"href":"https:\/\/lamendigapolitica.com\/index.php?rest_route=\/wp\/v2\/posts\/40671\/revisions\/40673"}],"wp:attachment":[{"href":"https:\/\/lamendigapolitica.com\/index.php?rest_route=%2Fwp%2Fv2%2Fmedia&parent=40671"}],"wp:term":[{"taxonomy":"category","embeddable":true,"href":"https:\/\/lamendigapolitica.com\/index.php?rest_route=%2Fwp%2Fv2%2Fcategories&post=40671"},{"taxonomy":"post_tag","embeddable":true,"href":"https:\/\/lamendigapolitica.com\/index.php?rest_route=%2Fwp%2Fv2%2Ftags&post=40671"}],"curies":[{"name":"wp","href":"https:\/\/api.w.org\/{rel}","templated":true}]}}