{"id":40646,"date":"2016-09-05T09:44:49","date_gmt":"2016-09-05T14:44:49","guid":{"rendered":"http:\/\/lamendigapolitica.com\/blog\/?p=40646"},"modified":"2016-09-05T09:44:49","modified_gmt":"2016-09-05T14:44:49","slug":"abrir-espacios-de-dialogo-con-eu-pena-nieto","status":"publish","type":"post","link":"https:\/\/lamendigapolitica.com\/?p=40646","title":{"rendered":"Abrir espacios de di\u00e1logo con EU: Pe\u00f1a Nieto"},"content":{"rendered":"<p><a href=\"https:\/\/lamendigapolitica.com\/blog\/blog\/wp-content\/uploads\/2016\/09\/pea-obama.jpg\" rel=\"attachment wp-att-40647\"><img loading=\"lazy\" decoding=\"async\" class=\"aligncenter  wp-image-40647\" src=\"https:\/\/lamendigapolitica.com\/blog\/blog\/wp-content\/uploads\/2016\/09\/pea-obama.jpg\" alt=\"pe;a obama\" width=\"350\" height=\"237\" \/><\/a><\/p>\n<p>&nbsp;<\/p>\n<p>&nbsp;<\/p>\n<p>El presidente de Estados Unidos, Barack Obama, mostr\u00f3 toda su disposici\u00f3n y voluntad para seguir trabajando en la ruta que ha construido con M\u00e9xico, en la agenda que definieron de manera conjunta ambos gobiernos desde el inicio de su relaci\u00f3n, asever\u00f3 el Presidente Enrique Pe\u00f1a Nieto. En un mensaje a medios de comunicaci\u00f3n, al t\u00e9rmino de su participaci\u00f3n en la Cumbre de L\u00edderes del G20, dijo que reiter\u00f3 a su hom\u00f3logo estadunidense el reconocimiento a su gobierno, y que M\u00e9xico se mantendr\u00e1 respetuoso del proceso democr\u00e1tico que vive ese pa\u00eds, publica hoy Excelsior.<\/p>\n<p>&nbsp;<\/p>\n<p>El mandatario mexicano apunt\u00f3 que le expres\u00f3 al presidente norteamericano el inter\u00e9s de su gobierno para abrir espacios de di\u00e1logo, para poner en amplio contexto la relevancia que tiene M\u00e9xico para Estados Unidos, y Estados Unidos para M\u00e9xico. A\u00f1adi\u00f3 que le expres\u00f3 a Barack Obama que existe la intenci\u00f3n de \u201cinsertarnos en un espacio de di\u00e1logo\u201d, pues M\u00e9xico est\u00e1 siendo parte \u201cquiz\u00e1 como no hab\u00eda ocurrido en otro momento y de manera hoy in\u00e9dita, en el debate de los candidatos (a la Presidencia de Estados Unidos)\u201d.<\/p>\n<p>&nbsp;<\/p>\n<p>M\u00e9xico es leg\u00edtimo, procura un espacio para poder puntualizar cu\u00e1l es el papel que tiene M\u00e9xico en la relaci\u00f3n con Estados Unidos, la relevancia que tiene esta relaci\u00f3n, lo estrat\u00e9gica que es nuestra alianza para ambas naciones\u201d, posici\u00f3n ante la cual, el presidente norteamericano se mostr\u00f3 \u201cmuy respetuoso\u201d, afirm\u00f3.<\/p>\n<p>&nbsp;<\/p>\n<p>Previo a su regreso al pa\u00eds, el presidente Pe\u00f1a Nieto enfatiz\u00f3 que este di\u00e1logo busca poner en relieve el aporte que hacen los m\u00e1s de 30 millones de mexicanos que viven en Estados Unidos, al desarrollo de esa naci\u00f3n, y que eso permita moderar y brindar m\u00e1s informaci\u00f3n al posicionamiento que guardan los candidatos.<\/p>\n","protected":false},"excerpt":{"rendered":"<p>&nbsp; &nbsp; El presidente de Estados Unidos, Barack Obama, mostr\u00f3 toda su disposici\u00f3n y voluntad para seguir trabajando en la ruta que ha construido con M\u00e9xico, en la agenda que definieron de manera conjunta ambos gobiernos desde el inicio de su relaci\u00f3n, asever\u00f3 el Presidente Enrique Pe\u00f1a Nieto. En un mensaje a medios de comunicaci\u00f3n, &hellip; <\/p>\n<p><a class=\"more-link btn\" href=\"https:\/\/lamendigapolitica.com\/?p=40646\">Seguir leyendo<\/a><\/p>\n","protected":false},"author":1,"featured_media":0,"comment_status":"open","ping_status":"closed","sticky":false,"template":"","format":"standard","meta":{"footnotes":""},"categories":[6,30,20,31,3,22],"tags":[],"class_list":["post-40646","post","type-post","status-publish","format-standard","hentry","category-congreso","category-economia","category-gobierno","category-internacional","category-politica","category-sociales","item-wrap"],"_links":{"self":[{"href":"https:\/\/lamendigapolitica.com\/index.php?rest_route=\/wp\/v2\/posts\/40646","targetHints":{"allow":["GET"]}}],"collection":[{"href":"https:\/\/lamendigapolitica.com\/index.php?rest_route=\/wp\/v2\/posts"}],"about":[{"href":"https:\/\/lamendigapolitica.com\/index.php?rest_route=\/wp\/v2\/types\/post"}],"author":[{"embeddable":true,"href":"https:\/\/lamendigapolitica.com\/index.php?rest_route=\/wp\/v2\/users\/1"}],"replies":[{"embeddable":true,"href":"https:\/\/lamendigapolitica.com\/index.php?rest_route=%2Fwp%2Fv2%2Fcomments&post=40646"}],"version-history":[{"count":1,"href":"https:\/\/lamendigapolitica.com\/index.php?rest_route=\/wp\/v2\/posts\/40646\/revisions"}],"predecessor-version":[{"id":40648,"href":"https:\/\/lamendigapolitica.com\/index.php?rest_route=\/wp\/v2\/posts\/40646\/revisions\/40648"}],"wp:attachment":[{"href":"https:\/\/lamendigapolitica.com\/index.php?rest_route=%2Fwp%2Fv2%2Fmedia&parent=40646"}],"wp:term":[{"taxonomy":"category","embeddable":true,"href":"https:\/\/lamendigapolitica.com\/index.php?rest_route=%2Fwp%2Fv2%2Fcategories&post=40646"},{"taxonomy":"post_tag","embeddable":true,"href":"https:\/\/lamendigapolitica.com\/index.php?rest_route=%2Fwp%2Fv2%2Ftags&post=40646"}],"curies":[{"name":"wp","href":"https:\/\/api.w.org\/{rel}","templated":true}]}}