{"id":40613,"date":"2016-09-04T11:49:53","date_gmt":"2016-09-04T16:49:53","guid":{"rendered":"http:\/\/lamendigapolitica.com\/blog\/?p=40613"},"modified":"2016-09-04T11:49:53","modified_gmt":"2016-09-04T16:49:53","slug":"musica-danza-y-poesia-coral-conviviran-en-el-festival-kicham-2016","status":"publish","type":"post","link":"https:\/\/lamendigapolitica.com\/?p=40613","title":{"rendered":"M\u00fasica, danza y poes\u00eda coral convivir\u00e1n en el Festival K\u00edcham 2016"},"content":{"rendered":"<p><a href=\"https:\/\/lamendigapolitica.com\/blog\/blog\/wp-content\/uploads\/2016\/09\/festival.jpg\" rel=\"attachment wp-att-40614\"><img loading=\"lazy\" decoding=\"async\" class=\"aligncenter  wp-image-40614\" src=\"https:\/\/lamendigapolitica.com\/blog\/blog\/wp-content\/uploads\/2016\/09\/festival.jpg\" alt=\"festival\" width=\"414\" height=\"232\" \/><\/a><\/p>\n<p>&nbsp;<\/p>\n<p>M\u00e1s de un centenar de artistas de m\u00fasica, danza, poes\u00eda coral, declamaci\u00f3n, teatro y canto participar\u00e1n en la XXII edici\u00f3n del espect\u00e1culo de arte esc\u00e9nico multidisciplinario K\u00edcham 2016, del 7 y hasta el 11 de septiembre en el Teatro Ricardo Castro de la ciudad de Durango. Todos los d\u00edas habr\u00e1 representaciones sobre la historia, tradiciones, leyendas, costumbres y personajes del estado, inform\u00f3 la Secretar\u00eda de Cultura en un comunicado, publica 20 minutos.<\/p>\n<p>&nbsp;<\/p>\n<p>Detall\u00f3 que Kicham, que en tepehu\u00e1n significa pueblo o naci\u00f3n, da nombre al espect\u00e1culo de arte esc\u00e9nico multidisciplinario, presentado por la Compa\u00f1\u00eda de Artes Esc\u00e9nicas Kori\u00e1n, a cargo de su directora general Elia Mar\u00eda Morelos Favela. Ni\u00f1os de cinco a\u00f1os hasta j\u00f3venes presentar\u00e1n cinco cuadros con tem\u00e1tica relacionada al estado, sobre sus hombres y mujeres ilustres, municipios, tradiciones y leyendas; historia de sus edificios y todo lo que une e identifica en el amor a la tierra, destac\u00f3 Morelos Favela. Indic\u00f3 que el primer cuadre es un Homenaje al municipio de Rodeo; el segundo, la Leyenda del alacr\u00e1n de la c\u00e1rcel; el tercero se llama Tacos La chulangue\u00f1a.<\/p>\n<p>&nbsp;<\/p>\n<p>Mientras que el cuarto cuadro est\u00e1 dedicado a la Mitolog\u00eda del grupo huichol, interpretado especialmente por ni\u00f1os y habla del origen del mundo y de la cosmovisi\u00f3n de los huicholes. El \u00faltimo se llama \u201c4 preludios para una ciudad\u201d, poema musicalizado por Jes\u00fas Mena Saucedo y se refiere a la ciudad de Durango en cuatro tiempos: Amanecer, Mediod\u00eda, Por la tarde y En la noche.<\/p>\n<p>&nbsp;<\/p>\n<p>El espect\u00e1culo habla del amor campesino y el amor a la ciudad, finaliza con una representaci\u00f3n de trajes que se identifican con las diferentes regiones de Durango, adem\u00e1s de un poema y concluye con la canci\u00f3n Durango, Durango. El \u00faltimo espect\u00e1culo es con motivo de la Navidad, se llama Tomoc, que en lengua tepehuana significa tiempo de heladas o fr\u00edo, y se refiere a las celebraciones decembrinas en M\u00e9xico, concluyeron los organizadores.<\/p>\n","protected":false},"excerpt":{"rendered":"<p>&nbsp; M\u00e1s de un centenar de artistas de m\u00fasica, danza, poes\u00eda coral, declamaci\u00f3n, teatro y canto participar\u00e1n en la XXII edici\u00f3n del espect\u00e1culo de arte esc\u00e9nico multidisciplinario K\u00edcham 2016, del 7 y hasta el 11 de septiembre en el Teatro Ricardo Castro de la ciudad de Durango. Todos los d\u00edas habr\u00e1 representaciones sobre la historia, &hellip; <\/p>\n<p><a class=\"more-link btn\" href=\"https:\/\/lamendigapolitica.com\/?p=40613\">Seguir leyendo<\/a><\/p>\n","protected":false},"author":1,"featured_media":0,"comment_status":"open","ping_status":"closed","sticky":false,"template":"","format":"standard","meta":{"footnotes":""},"categories":[26,20,3,22],"tags":[],"class_list":["post-40613","post","type-post","status-publish","format-standard","hentry","category-cultura","category-gobierno","category-politica","category-sociales","item-wrap"],"_links":{"self":[{"href":"https:\/\/lamendigapolitica.com\/index.php?rest_route=\/wp\/v2\/posts\/40613","targetHints":{"allow":["GET"]}}],"collection":[{"href":"https:\/\/lamendigapolitica.com\/index.php?rest_route=\/wp\/v2\/posts"}],"about":[{"href":"https:\/\/lamendigapolitica.com\/index.php?rest_route=\/wp\/v2\/types\/post"}],"author":[{"embeddable":true,"href":"https:\/\/lamendigapolitica.com\/index.php?rest_route=\/wp\/v2\/users\/1"}],"replies":[{"embeddable":true,"href":"https:\/\/lamendigapolitica.com\/index.php?rest_route=%2Fwp%2Fv2%2Fcomments&post=40613"}],"version-history":[{"count":1,"href":"https:\/\/lamendigapolitica.com\/index.php?rest_route=\/wp\/v2\/posts\/40613\/revisions"}],"predecessor-version":[{"id":40615,"href":"https:\/\/lamendigapolitica.com\/index.php?rest_route=\/wp\/v2\/posts\/40613\/revisions\/40615"}],"wp:attachment":[{"href":"https:\/\/lamendigapolitica.com\/index.php?rest_route=%2Fwp%2Fv2%2Fmedia&parent=40613"}],"wp:term":[{"taxonomy":"category","embeddable":true,"href":"https:\/\/lamendigapolitica.com\/index.php?rest_route=%2Fwp%2Fv2%2Fcategories&post=40613"},{"taxonomy":"post_tag","embeddable":true,"href":"https:\/\/lamendigapolitica.com\/index.php?rest_route=%2Fwp%2Fv2%2Ftags&post=40613"}],"curies":[{"name":"wp","href":"https:\/\/api.w.org\/{rel}","templated":true}]}}