{"id":40588,"date":"2016-09-03T22:07:53","date_gmt":"2016-09-04T03:07:53","guid":{"rendered":"http:\/\/lamendigapolitica.com\/blog\/?p=40588"},"modified":"2016-09-03T22:07:53","modified_gmt":"2016-09-04T03:07:53","slug":"mancera-no-ve-en-el-radar-alianza-con-pan-o-morena-para-2018","status":"publish","type":"post","link":"https:\/\/lamendigapolitica.com\/?p=40588","title":{"rendered":"Mancera no ve en \u201cel radar\u201d alianza con PAN o Morena para 2018"},"content":{"rendered":"<p><a href=\"https:\/\/lamendigapolitica.com\/blog\/blog\/wp-content\/uploads\/2016\/09\/mancera.jpg\" rel=\"attachment wp-att-40589\"><img loading=\"lazy\" decoding=\"async\" class=\"aligncenter  wp-image-40589\" src=\"https:\/\/lamendigapolitica.com\/blog\/blog\/wp-content\/uploads\/2016\/09\/mancera.jpg\" alt=\"mancera\" width=\"415\" height=\"230\" srcset=\"https:\/\/lamendigapolitica.com\/wp-content\/uploads\/2016\/09\/mancera.jpg 301w, https:\/\/lamendigapolitica.com\/wp-content\/uploads\/2016\/09\/mancera-300x166.jpg 300w\" sizes=\"auto, (max-width: 415px) 100vw, 415px\" \/><\/a><\/p>\n<p>&nbsp;<\/p>\n<p>Miguel \u00c1ngel Mancera, jefe de gobierno de la Ciudad de M\u00e9xico, consider\u00f3 que para la elecci\u00f3n presidencial de 2018 el Partido de la Revoluci\u00f3n Democr\u00e1tica (PRD) no requiere de una alianza con Morena ni con el PAN, publica 24 horas<\/p>\n<p>&nbsp;<\/p>\n<p>De gira por Tabasco, el jefe capitalino, asegur\u00f3 que el sol azteca puede construir una candidatura presidencial si se le suman sectores y organizaciones con voluntad de participar en la elecci\u00f3n, y destac\u00f3 que al perredismo siempre lo han acompa\u00f1ado el PT y Movimiento Ciudadano.<\/p>\n<p>&nbsp;<\/p>\n<p>Miguel \u00c1ngel Mancera dijo que respetar\u00e1 las decisiones del PRD sobre posibles coaliciones, sin embargo, a su juicio el no ve en \u201cel radar\u201d una coalici\u00f3n con el partido de Andr\u00e9s Manuel L\u00f3pez Obrador (Morena), ni con Acci\u00f3n Nacional (PAN).<\/p>\n","protected":false},"excerpt":{"rendered":"<p>&nbsp; Miguel \u00c1ngel Mancera, jefe de gobierno de la Ciudad de M\u00e9xico, consider\u00f3 que para la elecci\u00f3n presidencial de 2018 el Partido de la Revoluci\u00f3n Democr\u00e1tica (PRD) no requiere de una alianza con Morena ni con el PAN, publica 24 horas &nbsp; De gira por Tabasco, el jefe capitalino, asegur\u00f3 que el sol azteca puede &hellip; <\/p>\n<p><a class=\"more-link btn\" href=\"https:\/\/lamendigapolitica.com\/?p=40588\">Seguir leyendo<\/a><\/p>\n","protected":false},"author":1,"featured_media":0,"comment_status":"open","ping_status":"closed","sticky":false,"template":"","format":"standard","meta":{"footnotes":""},"categories":[20,5,3],"tags":[],"class_list":["post-40588","post","type-post","status-publish","format-standard","hentry","category-gobierno","category-partidos","category-politica","item-wrap"],"_links":{"self":[{"href":"https:\/\/lamendigapolitica.com\/index.php?rest_route=\/wp\/v2\/posts\/40588","targetHints":{"allow":["GET"]}}],"collection":[{"href":"https:\/\/lamendigapolitica.com\/index.php?rest_route=\/wp\/v2\/posts"}],"about":[{"href":"https:\/\/lamendigapolitica.com\/index.php?rest_route=\/wp\/v2\/types\/post"}],"author":[{"embeddable":true,"href":"https:\/\/lamendigapolitica.com\/index.php?rest_route=\/wp\/v2\/users\/1"}],"replies":[{"embeddable":true,"href":"https:\/\/lamendigapolitica.com\/index.php?rest_route=%2Fwp%2Fv2%2Fcomments&post=40588"}],"version-history":[{"count":1,"href":"https:\/\/lamendigapolitica.com\/index.php?rest_route=\/wp\/v2\/posts\/40588\/revisions"}],"predecessor-version":[{"id":40590,"href":"https:\/\/lamendigapolitica.com\/index.php?rest_route=\/wp\/v2\/posts\/40588\/revisions\/40590"}],"wp:attachment":[{"href":"https:\/\/lamendigapolitica.com\/index.php?rest_route=%2Fwp%2Fv2%2Fmedia&parent=40588"}],"wp:term":[{"taxonomy":"category","embeddable":true,"href":"https:\/\/lamendigapolitica.com\/index.php?rest_route=%2Fwp%2Fv2%2Fcategories&post=40588"},{"taxonomy":"post_tag","embeddable":true,"href":"https:\/\/lamendigapolitica.com\/index.php?rest_route=%2Fwp%2Fv2%2Ftags&post=40588"}],"curies":[{"name":"wp","href":"https:\/\/api.w.org\/{rel}","templated":true}]}}