{"id":40582,"date":"2016-09-03T09:49:56","date_gmt":"2016-09-03T14:49:56","guid":{"rendered":"http:\/\/lamendigapolitica.com\/blog\/?p=40582"},"modified":"2016-09-03T09:49:56","modified_gmt":"2016-09-03T14:49:56","slug":"efemerides-del-3-de-septiembre","status":"publish","type":"post","link":"https:\/\/lamendigapolitica.com\/?p=40582","title":{"rendered":"Efem\u00e9rides del 3 de septiembre"},"content":{"rendered":"<p><a href=\"https:\/\/lamendigapolitica.com\/blog\/blog\/wp-content\/uploads\/2016\/09\/Galeano.jpg\" rel=\"attachment wp-att-40583\"><img loading=\"lazy\" decoding=\"async\" class=\"aligncenter  wp-image-40583\" src=\"https:\/\/lamendigapolitica.com\/blog\/blog\/wp-content\/uploads\/2016\/09\/Galeano.jpg\" alt=\"Galeano\" width=\"389\" height=\"262\" \/><\/a><\/p>\n<p>&nbsp;<\/p>\n<p>32: En M\u00e9xico se escriben los primeros documentos de Am\u00e9rica en estelas de \u00e9poca olmeca tard\u00eda<\/p>\n<p>&nbsp;<\/p>\n<p>1520: Despu\u00e9s de la derrota en la Batalla de la Noche Triste, Cort\u00e9s reorganiza sus tropas, pero la viruela contagiada a los ind\u00edgenas causa grandes estragos, tal vez la primera guerra biol\u00f3gica en Am\u00e9rica.<\/p>\n<p>&nbsp;<\/p>\n<p>1539: El papa Paulo III aprueba los estatutos que Ignacio de Loyola le present\u00f3 para la fundaci\u00f3n de la Compa\u00f1\u00eda de Jes\u00fas.<\/p>\n<p>&nbsp;<\/p>\n<p>1821: En M\u00e9xico, Chiapas se declara independiente de Espa\u00f1a.<\/p>\n<p>&nbsp;<\/p>\n<p>1875.- Nace el ingeniero austriaco Ferdinand Porsche, quien alcanza notoriedad mundial por el dise\u00f1o y construcci\u00f3n del primer auto de carreras. Muere el 30 de enero de 1951.<\/p>\n<p>&nbsp;<\/p>\n<p>1934.- Se funda en M\u00e9xico la casa editora Fondo de Cultura Econ\u00f3mica, la m\u00e1s importante del mundo de habla hispana y piedra angular en la formaci\u00f3n de estudiantes y profesionistas.<\/p>\n<p>&nbsp;<\/p>\n<p>1940.- Nace el escritor e historiador uruguayo Eduardo Galeano, autor de una vasta obra cuya trascendencia radica en el trabajo de los g\u00e9neros ortodoxos combinando documental, ficci\u00f3n, periodismo, an\u00e1lisis pol\u00edtico e hist\u00f3rico, principalmente de Am\u00e9rica Latina. Muere el 13 de abril de 2015<\/p>\n<p>&nbsp;<\/p>\n<p>1978 Juan Pablo I inicia breve pontificado de 33 d\u00edas<\/p>\n<p>&nbsp;<\/p>\n<p>2009: En Estados Unidos, Michael Jackson es sepultado en el cementerio Forest Lawn de la ciudad de Los \u00c1ngeles (California) 70 d\u00edas despu\u00e9s de su muerte<\/p>\n","protected":false},"excerpt":{"rendered":"<p>&nbsp; 32: En M\u00e9xico se escriben los primeros documentos de Am\u00e9rica en estelas de \u00e9poca olmeca tard\u00eda &nbsp; 1520: Despu\u00e9s de la derrota en la Batalla de la Noche Triste, Cort\u00e9s reorganiza sus tropas, pero la viruela contagiada a los ind\u00edgenas causa grandes estragos, tal vez la primera guerra biol\u00f3gica en Am\u00e9rica. &nbsp; 1539: El &hellip; <\/p>\n<p><a class=\"more-link btn\" href=\"https:\/\/lamendigapolitica.com\/?p=40582\">Seguir leyendo<\/a><\/p>\n","protected":false},"author":1,"featured_media":0,"comment_status":"open","ping_status":"closed","sticky":false,"template":"","format":"standard","meta":{"footnotes":""},"categories":[26,20,31,22],"tags":[],"class_list":["post-40582","post","type-post","status-publish","format-standard","hentry","category-cultura","category-gobierno","category-internacional","category-sociales","item-wrap"],"_links":{"self":[{"href":"https:\/\/lamendigapolitica.com\/index.php?rest_route=\/wp\/v2\/posts\/40582","targetHints":{"allow":["GET"]}}],"collection":[{"href":"https:\/\/lamendigapolitica.com\/index.php?rest_route=\/wp\/v2\/posts"}],"about":[{"href":"https:\/\/lamendigapolitica.com\/index.php?rest_route=\/wp\/v2\/types\/post"}],"author":[{"embeddable":true,"href":"https:\/\/lamendigapolitica.com\/index.php?rest_route=\/wp\/v2\/users\/1"}],"replies":[{"embeddable":true,"href":"https:\/\/lamendigapolitica.com\/index.php?rest_route=%2Fwp%2Fv2%2Fcomments&post=40582"}],"version-history":[{"count":1,"href":"https:\/\/lamendigapolitica.com\/index.php?rest_route=\/wp\/v2\/posts\/40582\/revisions"}],"predecessor-version":[{"id":40584,"href":"https:\/\/lamendigapolitica.com\/index.php?rest_route=\/wp\/v2\/posts\/40582\/revisions\/40584"}],"wp:attachment":[{"href":"https:\/\/lamendigapolitica.com\/index.php?rest_route=%2Fwp%2Fv2%2Fmedia&parent=40582"}],"wp:term":[{"taxonomy":"category","embeddable":true,"href":"https:\/\/lamendigapolitica.com\/index.php?rest_route=%2Fwp%2Fv2%2Fcategories&post=40582"},{"taxonomy":"post_tag","embeddable":true,"href":"https:\/\/lamendigapolitica.com\/index.php?rest_route=%2Fwp%2Fv2%2Ftags&post=40582"}],"curies":[{"name":"wp","href":"https:\/\/api.w.org\/{rel}","templated":true}]}}