{"id":40576,"date":"2016-09-03T09:16:24","date_gmt":"2016-09-03T14:16:24","guid":{"rendered":"http:\/\/lamendigapolitica.com\/blog\/?p=40576"},"modified":"2016-09-03T09:16:24","modified_gmt":"2016-09-03T14:16:24","slug":"llaman-a-marchar-para-exigir-la-renuncia-del-presidente-pena-nieto","status":"publish","type":"post","link":"https:\/\/lamendigapolitica.com\/?p=40576","title":{"rendered":"Llaman a marchar para exigir la renuncia del Presidente Pe\u00f1a Nieto"},"content":{"rendered":"<p><a href=\"https:\/\/lamendigapolitica.com\/blog\/blog\/wp-content\/uploads\/2016\/09\/pea.jpg\" rel=\"attachment wp-att-40577\"><img loading=\"lazy\" decoding=\"async\" class=\"aligncenter  wp-image-40577\" src=\"https:\/\/lamendigapolitica.com\/blog\/blog\/wp-content\/uploads\/2016\/09\/pea.jpg\" alt=\"pe;a\" width=\"463\" height=\"253\" srcset=\"https:\/\/lamendigapolitica.com\/wp-content\/uploads\/2016\/09\/pea.jpg 304w, https:\/\/lamendigapolitica.com\/wp-content\/uploads\/2016\/09\/pea-300x164.jpg 300w\" sizes=\"auto, (max-width: 463px) 100vw, 463px\" \/><\/a><\/p>\n<p>&nbsp;<\/p>\n<p>A trav\u00e9s de diversas redes sociales y con el hashtag #RenunciaYa, las organizaciones, como el Centro Nacional de Comunicaci\u00f3n Social (Cenecos), Artistas Aliados, Coordinadora1DMX, personas que participaron en el movimiento #YoSoy132, M\u00e1s de 131 y diversos acad\u00e9micos propusieron marchar masivamente del \u00c1ngel de la Independencia al Z\u00f3calo de la Ciudad de M\u00e9xico en contra del Presidente Enrique Pe\u00f1a Nieto, el pr\u00f3ximo 15 de septiembre a las 17:00 horas.<\/p>\n<p>&nbsp;<\/p>\n<p>Dicha protesta es apartidista y tiene como objetivo denunciar la crisis de derechos humanos, la corrupci\u00f3n y la falta de justicia que se vive en el pa\u00eds.<\/p>\n<p>&nbsp;<\/p>\n<p>La convocatoria a dicha marcha, se dio este viernes, un d\u00eda despu\u00e9s de que el Presidente de la Rep\u00fablica present\u00f3 su cuarto informe de gobierno, en cual reconoci\u00f3 que \u201chay descontento\u201d en algunos sectores de la sociedad mexicana, y dos d\u00edas despu\u00e9s de que el candidato republicano Donald Trump, quien toda su campa\u00f1a ha criticado negativamente a los mexicanos, visit\u00f3 nuestro pa\u00eds.<\/p>\n<p>&nbsp;<\/p>\n<p>Lo anterior se suma a la poca popularidad con la que Pe\u00f1a Nieto cuenta, y la cual ha sido confirmada por medios de comunicaci\u00f3n y diversas encuestas.<\/p>\n","protected":false},"excerpt":{"rendered":"<p>&nbsp; A trav\u00e9s de diversas redes sociales y con el hashtag #RenunciaYa, las organizaciones, como el Centro Nacional de Comunicaci\u00f3n Social (Cenecos), Artistas Aliados, Coordinadora1DMX, personas que participaron en el movimiento #YoSoy132, M\u00e1s de 131 y diversos acad\u00e9micos propusieron marchar masivamente del \u00c1ngel de la Independencia al Z\u00f3calo de la Ciudad de M\u00e9xico en contra &hellip; <\/p>\n<p><a class=\"more-link btn\" href=\"https:\/\/lamendigapolitica.com\/?p=40576\">Seguir leyendo<\/a><\/p>\n","protected":false},"author":1,"featured_media":0,"comment_status":"open","ping_status":"closed","sticky":false,"template":"","format":"standard","meta":{"footnotes":""},"categories":[6,20,5,3,22],"tags":[],"class_list":["post-40576","post","type-post","status-publish","format-standard","hentry","category-congreso","category-gobierno","category-partidos","category-politica","category-sociales","item-wrap"],"_links":{"self":[{"href":"https:\/\/lamendigapolitica.com\/index.php?rest_route=\/wp\/v2\/posts\/40576","targetHints":{"allow":["GET"]}}],"collection":[{"href":"https:\/\/lamendigapolitica.com\/index.php?rest_route=\/wp\/v2\/posts"}],"about":[{"href":"https:\/\/lamendigapolitica.com\/index.php?rest_route=\/wp\/v2\/types\/post"}],"author":[{"embeddable":true,"href":"https:\/\/lamendigapolitica.com\/index.php?rest_route=\/wp\/v2\/users\/1"}],"replies":[{"embeddable":true,"href":"https:\/\/lamendigapolitica.com\/index.php?rest_route=%2Fwp%2Fv2%2Fcomments&post=40576"}],"version-history":[{"count":1,"href":"https:\/\/lamendigapolitica.com\/index.php?rest_route=\/wp\/v2\/posts\/40576\/revisions"}],"predecessor-version":[{"id":40578,"href":"https:\/\/lamendigapolitica.com\/index.php?rest_route=\/wp\/v2\/posts\/40576\/revisions\/40578"}],"wp:attachment":[{"href":"https:\/\/lamendigapolitica.com\/index.php?rest_route=%2Fwp%2Fv2%2Fmedia&parent=40576"}],"wp:term":[{"taxonomy":"category","embeddable":true,"href":"https:\/\/lamendigapolitica.com\/index.php?rest_route=%2Fwp%2Fv2%2Fcategories&post=40576"},{"taxonomy":"post_tag","embeddable":true,"href":"https:\/\/lamendigapolitica.com\/index.php?rest_route=%2Fwp%2Fv2%2Ftags&post=40576"}],"curies":[{"name":"wp","href":"https:\/\/api.w.org\/{rel}","templated":true}]}}