{"id":40564,"date":"2016-09-02T18:58:22","date_gmt":"2016-09-02T23:58:22","guid":{"rendered":"http:\/\/lamendigapolitica.com\/blog\/?p=40564"},"modified":"2016-09-02T18:58:22","modified_gmt":"2016-09-02T23:58:22","slug":"critican-a-el-bronco-por-insinuar-que-no-todas-las-mamas-son-iguales","status":"publish","type":"post","link":"https:\/\/lamendigapolitica.com\/?p=40564","title":{"rendered":"Critican a &#8216;El Bronco&#8217; por insinuar que no todas las mam\u00e1s son iguales"},"content":{"rendered":"<p><a href=\"https:\/\/lamendigapolitica.com\/blog\/blog\/wp-content\/uploads\/2016\/09\/bronco.jpg\" rel=\"attachment wp-att-40565\"><img loading=\"lazy\" decoding=\"async\" class=\"aligncenter  wp-image-40565\" src=\"https:\/\/lamendigapolitica.com\/blog\/blog\/wp-content\/uploads\/2016\/09\/bronco.jpg\" alt=\"bronco\" width=\"352\" height=\"234\" \/><\/a><\/p>\n<p>&nbsp;<\/p>\n<p>El gobernador de Nuevo Le\u00f3n, Jaime Rodr\u00edguez Calder\u00f3n, \u201cEl Bronco\u201d quer\u00eda promover el parto vaginal por encima de las ces\u00e1reas, \u00a0pero \u00a0volvi\u00f3 a generar pol\u00e9mica, al se\u00f1alar que una madre que tiene a sus hijos de manera natural es \u201cmejor mam\u00e1, m\u00e1s mam\u00e1\u201d.<\/p>\n<p>&nbsp;<\/p>\n<p>Durante una gira por el municipio de General Zuazua, para atestiguar el inicio de la construcci\u00f3n de la Cl\u00ednica Hospital \u00abEl Bronco\u00bb sugiri\u00f3 construir y ofreci\u00f3 apoyar econ\u00f3micamente la instalaci\u00f3n de un banco de leche materna y el equipamiento de salas para la promoci\u00f3n de partos naturales, \u201ccreo que debemos tener algunas salas, adem\u00e1s podemos ayudarles, \u201cpara que la madre evite la ces\u00e1rea, que la mam\u00e1 hoy sea mejor mam\u00e1, m\u00e1s mam\u00e1\u201d. Obviamente, dijo, que no se imponga esta pr\u00e1ctica, y argument\u00f3 que incentivar el parto natural \u201cnos est\u00e1 dando un resultado extraordinario\u201d.<\/p>\n<p>&nbsp;<\/p>\n<p>La gente a veces se enoja, \u201cya ven que yo soy medio pol\u00e9mico\u2026 lo que se busca es que la mujer que puede hacer el esfuerzo (lo haga)\u2026 hoy hay mucha experiencia para bajar el dolor\u201d. Adem\u00e1s propuso la construcci\u00f3n de una sala de lactancia, \u201cporque tambi\u00e9n eso nos ayuda bastante a que tengamos ni\u00f1os m\u00e1s sanos\u201d. La forma en que Rodr\u00edguez Calder\u00f3n hizo sus recomendaciones fue criticada por ciudadanos del estado, que vieron en ello una falta de sensibilidad, por hacer ver como \u201cmenos madre\u201d, a quien no tuvo a sus hijos por parto natural. Hace meses desat\u00f3 la pol\u00e9mica al se\u00f1alar que a una ni\u00f1a gorda \u00abno la quiere nadie\u00bb, seg\u00fan explic\u00f3, para llamar a evitar los embarazos no deseados en adolescentes.<\/p>\n<p>&nbsp;<\/p>\n<p>Diversos estudios y estad\u00edsticas oficiales, colocan a Monterrey como la \u201ccapital mundial\u201d de las operaciones de ces\u00e1rea y a Nuevo Le\u00f3n, como el estado donde m\u00e1s se realizan en el pa\u00eds. Incluso en la Encuesta Nacional de la Din\u00e1mica Demogr\u00e1fica (ENADID) del INEGI 2014, se asent\u00f3 que en el periodo de enero de 2009 a septiembre de 2014, de cada 100 partos ocurridos en M\u00e9xico, 46 son por ces\u00e1rea y 54 son partos normales.<\/p>\n","protected":false},"excerpt":{"rendered":"<p>&nbsp; El gobernador de Nuevo Le\u00f3n, Jaime Rodr\u00edguez Calder\u00f3n, \u201cEl Bronco\u201d quer\u00eda promover el parto vaginal por encima de las ces\u00e1reas, \u00a0pero \u00a0volvi\u00f3 a generar pol\u00e9mica, al se\u00f1alar que una madre que tiene a sus hijos de manera natural es \u201cmejor mam\u00e1, m\u00e1s mam\u00e1\u201d. &nbsp; Durante una gira por el municipio de General Zuazua, para &hellip; <\/p>\n<p><a class=\"more-link btn\" href=\"https:\/\/lamendigapolitica.com\/?p=40564\">Seguir leyendo<\/a><\/p>\n","protected":false},"author":1,"featured_media":0,"comment_status":"open","ping_status":"closed","sticky":false,"template":"","format":"standard","meta":{"footnotes":""},"categories":[6,20,3,29,22],"tags":[],"class_list":["post-40564","post","type-post","status-publish","format-standard","hentry","category-congreso","category-gobierno","category-politica","category-salud","category-sociales","item-wrap"],"_links":{"self":[{"href":"https:\/\/lamendigapolitica.com\/index.php?rest_route=\/wp\/v2\/posts\/40564","targetHints":{"allow":["GET"]}}],"collection":[{"href":"https:\/\/lamendigapolitica.com\/index.php?rest_route=\/wp\/v2\/posts"}],"about":[{"href":"https:\/\/lamendigapolitica.com\/index.php?rest_route=\/wp\/v2\/types\/post"}],"author":[{"embeddable":true,"href":"https:\/\/lamendigapolitica.com\/index.php?rest_route=\/wp\/v2\/users\/1"}],"replies":[{"embeddable":true,"href":"https:\/\/lamendigapolitica.com\/index.php?rest_route=%2Fwp%2Fv2%2Fcomments&post=40564"}],"version-history":[{"count":1,"href":"https:\/\/lamendigapolitica.com\/index.php?rest_route=\/wp\/v2\/posts\/40564\/revisions"}],"predecessor-version":[{"id":40566,"href":"https:\/\/lamendigapolitica.com\/index.php?rest_route=\/wp\/v2\/posts\/40564\/revisions\/40566"}],"wp:attachment":[{"href":"https:\/\/lamendigapolitica.com\/index.php?rest_route=%2Fwp%2Fv2%2Fmedia&parent=40564"}],"wp:term":[{"taxonomy":"category","embeddable":true,"href":"https:\/\/lamendigapolitica.com\/index.php?rest_route=%2Fwp%2Fv2%2Fcategories&post=40564"},{"taxonomy":"post_tag","embeddable":true,"href":"https:\/\/lamendigapolitica.com\/index.php?rest_route=%2Fwp%2Fv2%2Ftags&post=40564"}],"curies":[{"name":"wp","href":"https:\/\/api.w.org\/{rel}","templated":true}]}}