{"id":40561,"date":"2016-09-02T18:47:25","date_gmt":"2016-09-02T23:47:25","guid":{"rendered":"http:\/\/lamendigapolitica.com\/blog\/?p=40561"},"modified":"2016-09-02T18:47:25","modified_gmt":"2016-09-02T23:47:25","slug":"zapopan-sera-el-anfitrion-para-el-concierto-de-la-banda-los-big-boys","status":"publish","type":"post","link":"https:\/\/lamendigapolitica.com\/?p=40561","title":{"rendered":"Zapopan ser\u00e1 el anfitri\u00f3n para el concierto de la banda \u201cLos Big Boys\u201d"},"content":{"rendered":"<p><a href=\"https:\/\/lamendigapolitica.com\/blog\/blog\/wp-content\/uploads\/2016\/09\/bigboys.jpg\" rel=\"attachment wp-att-40562\"><img loading=\"lazy\" decoding=\"async\" class=\"aligncenter  wp-image-40562\" src=\"https:\/\/lamendigapolitica.com\/blog\/blog\/wp-content\/uploads\/2016\/09\/bigboys.jpg\" alt=\"bigboys\" width=\"448\" height=\"170\" srcset=\"https:\/\/lamendigapolitica.com\/wp-content\/uploads\/2016\/09\/bigboys.jpg 364w, https:\/\/lamendigapolitica.com\/wp-content\/uploads\/2016\/09\/bigboys-300x114.jpg 300w\" sizes=\"auto, (max-width: 448px) 100vw, 448px\" \/><\/a><\/p>\n<p>&nbsp;<\/p>\n<p>El patio central del Palacio Municipal de Zapopan se convertir\u00e1 en el escenario principal para el concierto que ofrecer\u00e1 la agrupaci\u00f3n tapat\u00eda \u201cLos Big Boys\u201d, la primera banda de rock en el mundo integrada por m\u00fasicos con distrofia muscular y un espect\u00e1culo auditivo y visual sin precedentes, quienes tocar\u00e1n a beneficio de los ni\u00f1os con autismo atendidos por el DIF Zapopan. \u201cVamos a traer dos beneficiarios con este concierto, que me parece que es una muy buena causa, y el Gobierno Municipal, encabezado por el Presidente Pablo Lemus, se suma a este tipo de actividades\u201d, dijo Rodolfo Flores, Coordinador General de Construcci\u00f3n de Comunidad.<\/p>\n<p>&nbsp;<\/p>\n<p>Los boletos para este concierto tendr\u00e1n un costo de 100 pesos y se llevar\u00e1 a cabo el pr\u00f3ximo jueves 8 de septiembre, en punto de las 6 de la tarde y los fondos ser\u00e1n a beneficio del Centro de Autismo, a cargo del Sistema para el Desarrollo Integral de la Familia, DIF Zapopan, para la atenci\u00f3n de los ni\u00f1os y j\u00f3venes del municipio con Trastorno del Espectro Autista (TEA); as\u00ed como una suma que ser\u00e1 destinada para realizar mejoramiento en el equipamiento m\u00e9dico que requieren los miembros de esta agrupaci\u00f3n.<\/p>\n<p>&nbsp;<\/p>\n<p>\u201cLos Big Boys\u201d nace hace seis a\u00f1os como un proyecto de m\u00fasica en la Asociaci\u00f3n de Distrofia Muscular de Occidente, ADMO A.C., donde el profesor \u00d3scar Ram\u00edrez ense\u00f1\u00f3 a Carlos L\u00f3pez, Gerardo Madrigal, Juan \u00c1ngel Olmedo, Juan Manuel Hern\u00e1ndez y Juan Luis S\u00e1nchez a cantar y tocar instrumentos como la guitarra, el bajo y los teclados, en medida de las posibilidades del movimiento de cada uno de los muchachos, para hacer m\u00fasica por una simple raz\u00f3n: divertirse.<\/p>\n<p>&nbsp;<\/p>\n<p>El pasado 15 de julio, \u201cLos Big Boys\u201d realizaron su debut profesional en el Teatro Diana, presentando su primer material discogr\u00e1fico, \u201cTrascendental\u201d, que cuenta con 11 canciones, covers en su mayor\u00eda de bandas como The Beatles, The Doors, Sting, Creedence, Roberto Jord\u00e1n, entre otros; con una canci\u00f3n in\u00e9dita llamada \u201cA tu lado\u201d, compuesta por Carlos L\u00f3pez, vocalista de la banda. En este debut participaron otros m\u00fasicos locales como Rostros Ocultos y H\u00e9ctor Quintana, percusionista de Man\u00e1, con 70 por ciento de las localidades vendidas en el teatro, presentando un videoclip de cada una de las canciones donde se proyecta como es su vida diaria, a qu\u00e9 se enfrentan, c\u00f3mo se divierten y c\u00f3mo conviven.<\/p>\n<p>&nbsp;<\/p>\n<p>Los boletos est\u00e1n a la venta en las oficinas de DIF Zapopan (Avenida Laureles #1151), de la Coordinaci\u00f3n General de Construcci\u00f3n de Comunidad (Avenida Juan Pablo II S\/N esquina Santa Luc\u00eda) y en las instalaciones de la Coordinaci\u00f3n General de Desarrollo Econ\u00f3mico y Combate a la Desigualdad (Plaza Concentro, en el local F-65). Tambi\u00e9n habr\u00e1 venta de boletos el d\u00eda del evento y se recibir\u00e1n donativos adicionales para la agrupaci\u00f3n \u201cLos Big Boys\u201d.<\/p>\n","protected":false},"excerpt":{"rendered":"<p>&nbsp; El patio central del Palacio Municipal de Zapopan se convertir\u00e1 en el escenario principal para el concierto que ofrecer\u00e1 la agrupaci\u00f3n tapat\u00eda \u201cLos Big Boys\u201d, la primera banda de rock en el mundo integrada por m\u00fasicos con distrofia muscular y un espect\u00e1culo auditivo y visual sin precedentes, quienes tocar\u00e1n a beneficio de los ni\u00f1os &hellip; <\/p>\n<p><a class=\"more-link btn\" href=\"https:\/\/lamendigapolitica.com\/?p=40561\">Seguir leyendo<\/a><\/p>\n","protected":false},"author":1,"featured_media":0,"comment_status":"open","ping_status":"closed","sticky":false,"template":"","format":"standard","meta":{"footnotes":""},"categories":[6,20,22],"tags":[],"class_list":["post-40561","post","type-post","status-publish","format-standard","hentry","category-congreso","category-gobierno","category-sociales","item-wrap"],"_links":{"self":[{"href":"https:\/\/lamendigapolitica.com\/index.php?rest_route=\/wp\/v2\/posts\/40561","targetHints":{"allow":["GET"]}}],"collection":[{"href":"https:\/\/lamendigapolitica.com\/index.php?rest_route=\/wp\/v2\/posts"}],"about":[{"href":"https:\/\/lamendigapolitica.com\/index.php?rest_route=\/wp\/v2\/types\/post"}],"author":[{"embeddable":true,"href":"https:\/\/lamendigapolitica.com\/index.php?rest_route=\/wp\/v2\/users\/1"}],"replies":[{"embeddable":true,"href":"https:\/\/lamendigapolitica.com\/index.php?rest_route=%2Fwp%2Fv2%2Fcomments&post=40561"}],"version-history":[{"count":1,"href":"https:\/\/lamendigapolitica.com\/index.php?rest_route=\/wp\/v2\/posts\/40561\/revisions"}],"predecessor-version":[{"id":40563,"href":"https:\/\/lamendigapolitica.com\/index.php?rest_route=\/wp\/v2\/posts\/40561\/revisions\/40563"}],"wp:attachment":[{"href":"https:\/\/lamendigapolitica.com\/index.php?rest_route=%2Fwp%2Fv2%2Fmedia&parent=40561"}],"wp:term":[{"taxonomy":"category","embeddable":true,"href":"https:\/\/lamendigapolitica.com\/index.php?rest_route=%2Fwp%2Fv2%2Fcategories&post=40561"},{"taxonomy":"post_tag","embeddable":true,"href":"https:\/\/lamendigapolitica.com\/index.php?rest_route=%2Fwp%2Fv2%2Ftags&post=40561"}],"curies":[{"name":"wp","href":"https:\/\/api.w.org\/{rel}","templated":true}]}}