{"id":40551,"date":"2016-09-02T10:36:06","date_gmt":"2016-09-02T15:36:06","guid":{"rendered":"http:\/\/lamendigapolitica.com\/blog\/?p=40551"},"modified":"2016-09-02T10:36:06","modified_gmt":"2016-09-02T15:36:06","slug":"efemerides-del-2-de-septiembre","status":"publish","type":"post","link":"https:\/\/lamendigapolitica.com\/?p=40551","title":{"rendered":"Efem\u00e9rides del 2 de septiembre"},"content":{"rendered":"<p><a href=\"https:\/\/lamendigapolitica.com\/blog\/blog\/wp-content\/uploads\/2016\/09\/Ahuizotl.-2.jpg\" rel=\"attachment wp-att-40552\"><img loading=\"lazy\" decoding=\"async\" class=\"aligncenter  wp-image-40552\" src=\"https:\/\/lamendigapolitica.com\/blog\/blog\/wp-content\/uploads\/2016\/09\/Ahuizotl.-2.jpg\" alt=\"Ahuizotl.\" width=\"364\" height=\"263\" \/><\/a><\/p>\n<p>&nbsp;<\/p>\n<p>1502.- Muere el octavo emperador azteca Ahuizotl. Inaugura el monumental Teocalli o templo de Huitzilopochtli, en Tenochtitlan. Su hijo, Cuauht\u00e9moc, es el \u00faltimo gobernante azteca. No hay fecha exacta de su nacimiento hay fuentes que lo registran en 1486.<\/p>\n<p>1837.- Se llevan a cabo los primeros ensayos oficiales con el tel\u00e9grafo el\u00e9ctrico inventado por el f\u00edsico estadounidense Samuel Morse, quien tambi\u00e9n crea un alfabeto-c\u00f3digo que lleva su nombre<\/p>\n<p>&nbsp;<\/p>\n<p>1937.- Fallece el bar\u00f3n franc\u00e9s Pierre de Coubertin, creador de los juegos ol\u00edmpicos modernos, cuya era inicia en Francia el 23 de junio de 1894. Se le deben casi todas las reglas del Comit\u00e9 Ol\u00edmpico Internacional (COI). Nace el 1 de enero de 1863, en Par\u00eds, Francia.<\/p>\n<p>&nbsp;<\/p>\n<p>1944 Anna Frank es enviada a Auschwitz.<\/p>\n<p>&nbsp;<\/p>\n<p>1945 Concluye la II Guerra Mundial, Jap\u00f3n se rinde.<\/p>\n<p>&nbsp;<\/p>\n<p>1973.- Fallece el novelista John Ronald Reuel Tolkien, autor de la famosa saga literaria \u00abEl se\u00f1or de los anillos\u00bb, as\u00ed como de \u00abLa Tierra Media\u00bb, \u00abEl Hobbit\u00bb y \u00abEl Silmarili\u00f3n\u00bb. Nace el 3 de enero de 1892 en Bloemfontein, Sud\u00e1frica.<\/p>\n<p>&nbsp;<\/p>\n<p>2013 Fue aprobada la cuestionada Reforma Educativa<\/p>\n","protected":false},"excerpt":{"rendered":"<p>&nbsp; 1502.- Muere el octavo emperador azteca Ahuizotl. Inaugura el monumental Teocalli o templo de Huitzilopochtli, en Tenochtitlan. Su hijo, Cuauht\u00e9moc, es el \u00faltimo gobernante azteca. No hay fecha exacta de su nacimiento hay fuentes que lo registran en 1486. 1837.- Se llevan a cabo los primeros ensayos oficiales con el tel\u00e9grafo el\u00e9ctrico inventado por &hellip; <\/p>\n<p><a class=\"more-link btn\" href=\"https:\/\/lamendigapolitica.com\/?p=40551\">Seguir leyendo<\/a><\/p>\n","protected":false},"author":1,"featured_media":0,"comment_status":"open","ping_status":"closed","sticky":false,"template":"","format":"standard","meta":{"footnotes":""},"categories":[26,20,31,3,22],"tags":[],"class_list":["post-40551","post","type-post","status-publish","format-standard","hentry","category-cultura","category-gobierno","category-internacional","category-politica","category-sociales","item-wrap"],"_links":{"self":[{"href":"https:\/\/lamendigapolitica.com\/index.php?rest_route=\/wp\/v2\/posts\/40551","targetHints":{"allow":["GET"]}}],"collection":[{"href":"https:\/\/lamendigapolitica.com\/index.php?rest_route=\/wp\/v2\/posts"}],"about":[{"href":"https:\/\/lamendigapolitica.com\/index.php?rest_route=\/wp\/v2\/types\/post"}],"author":[{"embeddable":true,"href":"https:\/\/lamendigapolitica.com\/index.php?rest_route=\/wp\/v2\/users\/1"}],"replies":[{"embeddable":true,"href":"https:\/\/lamendigapolitica.com\/index.php?rest_route=%2Fwp%2Fv2%2Fcomments&post=40551"}],"version-history":[{"count":1,"href":"https:\/\/lamendigapolitica.com\/index.php?rest_route=\/wp\/v2\/posts\/40551\/revisions"}],"predecessor-version":[{"id":40553,"href":"https:\/\/lamendigapolitica.com\/index.php?rest_route=\/wp\/v2\/posts\/40551\/revisions\/40553"}],"wp:attachment":[{"href":"https:\/\/lamendigapolitica.com\/index.php?rest_route=%2Fwp%2Fv2%2Fmedia&parent=40551"}],"wp:term":[{"taxonomy":"category","embeddable":true,"href":"https:\/\/lamendigapolitica.com\/index.php?rest_route=%2Fwp%2Fv2%2Fcategories&post=40551"},{"taxonomy":"post_tag","embeddable":true,"href":"https:\/\/lamendigapolitica.com\/index.php?rest_route=%2Fwp%2Fv2%2Ftags&post=40551"}],"curies":[{"name":"wp","href":"https:\/\/api.w.org\/{rel}","templated":true}]}}