{"id":40539,"date":"2016-09-02T09:49:26","date_gmt":"2016-09-02T14:49:26","guid":{"rendered":"http:\/\/lamendigapolitica.com\/blog\/?p=40539"},"modified":"2016-09-02T09:49:26","modified_gmt":"2016-09-02T14:49:26","slug":"hay-6-1-millones-de-personas-en-pobreza-extrema-en-mexico","status":"publish","type":"post","link":"https:\/\/lamendigapolitica.com\/?p=40539","title":{"rendered":"Hay 6.1 millones de personas en pobreza extrema en M\u00e9xico"},"content":{"rendered":"<p><a href=\"https:\/\/lamendigapolitica.com\/blog\/blog\/wp-content\/uploads\/2016\/09\/pobreza.jpg\" rel=\"attachment wp-att-40540\"><img loading=\"lazy\" decoding=\"async\" class=\"aligncenter  wp-image-40540\" src=\"https:\/\/lamendigapolitica.com\/blog\/blog\/wp-content\/uploads\/2016\/09\/pobreza.jpg\" alt=\"pobreza\" width=\"412\" height=\"231\" \/><\/a><\/p>\n<p>&nbsp;<\/p>\n<p>Un total de 6.1 millones de mexicanos que radican en los dos mil 457 municipios del pa\u00eds, fueron clasificados como poblaci\u00f3n en situaci\u00f3n de pobreza extrema con carencia alimentaria, por el Sistema de Focalizaci\u00f3n de Desarrollo (Sifode) de la Secretar\u00eda de Desarrollo Social (Sedesol), a esta cifra alarmante dada a conocer dentro de la Cruzada Nacional contra el Hambre, se asegura ser\u00e1 atendida.<\/p>\n<p>&nbsp;<\/p>\n<p>En el cap\u00edtulo 2 del Cuarto Informe de Gobierno, M\u00e9xico Incluyente, se detallan los avances que ha presentado este programa puesto en marcha en enero de 2013, en el estado de Chiapas. Aunque en la presentaci\u00f3n del programa se habl\u00f3 de 11 millones de personas en condiciones de pobreza extrema, el Consejo Nacional de Evaluaci\u00f3n de la Pol\u00edtica de Desarrollo Social (Coneval) detall\u00f3 que entre el periodo 2012-2014 se registraron siete millones 143 mil 941 personas en condici\u00f3n de pobreza extrema y con carencia alimentaria, detalla Excelsior.<\/p>\n<p>&nbsp;<\/p>\n<p>\u201cEn el texto del Cuarto Informe entregado al Congreso de la Uni\u00f3n se explic\u00f3 que inicialmente, la\u00a0 Cruzada Nacional contra el Hambre enfoc\u00f3 sus acciones en un total de 400. \u201cen los que ahora m\u00e1s de tres millones de personas comen mejor\u201d. El informe detalla que a partir de 2014 la cobertura de la Cruzada se ampli\u00f3 a un total de mil 12 municipios, 612 m\u00e1s de los originales, alcanzar a 78.4 por ciento de la poblaci\u00f3n objetivo.<\/p>\n<p>&nbsp;<\/p>\n<p>\u201cLo que mejor\u00f3 fueron las condiciones de vida de 4.2 millones de personas, con al menos uno de los programas que la integran en materia de alimentaci\u00f3n, salud, educaci\u00f3n, mejoramiento de vivienda y servicios b\u00e1sicos\u201d, se explic\u00f3. As\u00ed para este a\u00f1o, a partir de las comunidades identificadas por la Sifode, ya en todo el pa\u00eds, se defini\u00f3 como poblaci\u00f3n potencial en situaci\u00f3n de pobreza extrema con carencia alimentaria a 6.1 millones de personas.<\/p>\n","protected":false},"excerpt":{"rendered":"<p>&nbsp; Un total de 6.1 millones de mexicanos que radican en los dos mil 457 municipios del pa\u00eds, fueron clasificados como poblaci\u00f3n en situaci\u00f3n de pobreza extrema con carencia alimentaria, por el Sistema de Focalizaci\u00f3n de Desarrollo (Sifode) de la Secretar\u00eda de Desarrollo Social (Sedesol), a esta cifra alarmante dada a conocer dentro de la &hellip; <\/p>\n<p><a class=\"more-link btn\" href=\"https:\/\/lamendigapolitica.com\/?p=40539\">Seguir leyendo<\/a><\/p>\n","protected":false},"author":1,"featured_media":0,"comment_status":"open","ping_status":"closed","sticky":false,"template":"","format":"standard","meta":{"footnotes":""},"categories":[6,30,20,5,3],"tags":[],"class_list":["post-40539","post","type-post","status-publish","format-standard","hentry","category-congreso","category-economia","category-gobierno","category-partidos","category-politica","item-wrap"],"_links":{"self":[{"href":"https:\/\/lamendigapolitica.com\/index.php?rest_route=\/wp\/v2\/posts\/40539","targetHints":{"allow":["GET"]}}],"collection":[{"href":"https:\/\/lamendigapolitica.com\/index.php?rest_route=\/wp\/v2\/posts"}],"about":[{"href":"https:\/\/lamendigapolitica.com\/index.php?rest_route=\/wp\/v2\/types\/post"}],"author":[{"embeddable":true,"href":"https:\/\/lamendigapolitica.com\/index.php?rest_route=\/wp\/v2\/users\/1"}],"replies":[{"embeddable":true,"href":"https:\/\/lamendigapolitica.com\/index.php?rest_route=%2Fwp%2Fv2%2Fcomments&post=40539"}],"version-history":[{"count":1,"href":"https:\/\/lamendigapolitica.com\/index.php?rest_route=\/wp\/v2\/posts\/40539\/revisions"}],"predecessor-version":[{"id":40541,"href":"https:\/\/lamendigapolitica.com\/index.php?rest_route=\/wp\/v2\/posts\/40539\/revisions\/40541"}],"wp:attachment":[{"href":"https:\/\/lamendigapolitica.com\/index.php?rest_route=%2Fwp%2Fv2%2Fmedia&parent=40539"}],"wp:term":[{"taxonomy":"category","embeddable":true,"href":"https:\/\/lamendigapolitica.com\/index.php?rest_route=%2Fwp%2Fv2%2Fcategories&post=40539"},{"taxonomy":"post_tag","embeddable":true,"href":"https:\/\/lamendigapolitica.com\/index.php?rest_route=%2Fwp%2Fv2%2Ftags&post=40539"}],"curies":[{"name":"wp","href":"https:\/\/api.w.org\/{rel}","templated":true}]}}