{"id":40517,"date":"2016-09-01T17:19:58","date_gmt":"2016-09-01T22:19:58","guid":{"rendered":"http:\/\/lamendigapolitica.com\/blog\/?p=40517"},"modified":"2016-09-01T17:19:58","modified_gmt":"2016-09-01T22:19:58","slug":"presentan-el-festival-cultural-permanente-sucede-en-guadalajara","status":"publish","type":"post","link":"https:\/\/lamendigapolitica.com\/?p=40517","title":{"rendered":"Presentan el  Festival Cultural Permanente Sucede en Guadalajara"},"content":{"rendered":"<p><a href=\"https:\/\/lamendigapolitica.com\/blog\/blog\/wp-content\/uploads\/2016\/09\/29102359600_6c89f60eb6_z.jpg\" rel=\"attachment wp-att-40518\"><img loading=\"lazy\" decoding=\"async\" class=\"aligncenter  wp-image-40518\" src=\"https:\/\/lamendigapolitica.com\/blog\/blog\/wp-content\/uploads\/2016\/09\/29102359600_6c89f60eb6_z.jpg\" alt=\"29102359600_6c89f60eb6_z\" width=\"419\" height=\"279\" srcset=\"https:\/\/lamendigapolitica.com\/wp-content\/uploads\/2016\/09\/29102359600_6c89f60eb6_z.jpg 640w, https:\/\/lamendigapolitica.com\/wp-content\/uploads\/2016\/09\/29102359600_6c89f60eb6_z-300x200.jpg 300w\" sizes=\"auto, (max-width: 419px) 100vw, 419px\" \/><\/a><\/p>\n<p>&nbsp;<\/p>\n<p>El Festival Cultural Permanente Sucede Guadalajara, ser\u00e1 el primer evento de gran magnitud de su tipo organizado por un gobierno municipal, el cual, durante ocho semanas, contar\u00e1 con 794 actividades, 84 compa\u00f1\u00edas participantes de 10 pa\u00edses y 122 sedes distribuidas en 71 colonias de todo el municipio, seg\u00fan dio a conocer el ayuntamiento tapat\u00edo. Se llevar\u00e1 a cabo del 8 de octubre al 26 de noviembre, sus \u00a0actividades ser\u00e1n gratuitas, y nace bajo la idea de que la cultura es uno de los pilares fundamentales para construir una mejor comunidad.<\/p>\n<p>&nbsp;<\/p>\n<p>Este festival, incluir\u00e1 la participaci\u00f3n de talento local, seleccionados a trav\u00e9s de la convocatoria Sucede gracias a ti. Durante la presentaci\u00f3n de Sucede el Teatro Torres Bodet, el Presidente municipal, Enrique Alfaro, se\u00f1al\u00f3 que este proyecto es uno de los m\u00e1s ambiciosos a importantes de su gobierno, esperando lograr que Guadalajara se convierta en la Capital Cultural de Am\u00e9rica Latina y se trabajar\u00e1 para hacer de la cultura algo permanente.<\/p>\n<p>&nbsp;<\/p>\n<p>Al \u00a0afirmar que en Guadalajara se busca que la cultura sea una palanca fundamental de transformaci\u00f3n social y que no sea exclusiva para quienes puedan pagarla, el alcalde Enrique Alfaro se\u00f1al\u00f3 \u00a0que se llevar\u00e1 a toda la ciudad. Por ello se implementar\u00e1 un sistema de transporte para acercar a las personas que viven en la parte oriente del municipio a los eventos que se llevar\u00e1n a cabo en el Centro Hist\u00f3rico. Alfaro Ram\u00edrez destac\u00f3 que la inversi\u00f3n del festival en todo el a\u00f1o ser\u00e1 de 60 millones de pesos, de los cuales el 49%se invirti\u00f3 en el oriente, 11% en el poniente y 40% en el centro de la ciudad.<\/p>\n<p>&nbsp;<\/p>\n<p>Las actividades del programa se distribuir\u00e1n de la siguiente manera: 102 en el Centro, 132 en el Centro Hist\u00f3rico, 334 en Huentit\u00e1n, Minerva y Cruz del Sur y 226 en el Oriente. \u201cLa cultura no debe ser para el que pueda pagarla, sino para todos los tapat\u00edos\u201d, enfatiz\u00f3 Alfaro.<\/p>\n<p>&nbsp;<\/p>\n<p>A su vez, Susana Ch\u00e1vez Brandon, directora de Cultura, destac\u00f3 que tanto el inicio como el cierre ser\u00e1n con espect\u00e1culos de talla internacional, adem\u00e1s de que se contar\u00e1 con la presencia de artistas de 10 pa\u00edses del mundo, adem\u00e1s de que el talento local estar\u00e1 presente en m\u00e1s de 700 eventos. La inauguraci\u00f3n de Sucede ser\u00e1 el pr\u00f3ximo 8 de octubre con la presentaci\u00f3n en la Plaza de la Liberaci\u00f3n de La Fura dels Baus, compa\u00f1\u00eda espa\u00f1ola, que presentar\u00e1 el espect\u00e1culo \u201cAfrodita y el juicio de Paris\u201d.<\/p>\n","protected":false},"excerpt":{"rendered":"<p>&nbsp; El Festival Cultural Permanente Sucede Guadalajara, ser\u00e1 el primer evento de gran magnitud de su tipo organizado por un gobierno municipal, el cual, durante ocho semanas, contar\u00e1 con 794 actividades, 84 compa\u00f1\u00edas participantes de 10 pa\u00edses y 122 sedes distribuidas en 71 colonias de todo el municipio, seg\u00fan dio a conocer el ayuntamiento tapat\u00edo. &hellip; <\/p>\n<p><a class=\"more-link btn\" href=\"https:\/\/lamendigapolitica.com\/?p=40517\">Seguir leyendo<\/a><\/p>\n","protected":false},"author":1,"featured_media":0,"comment_status":"open","ping_status":"closed","sticky":false,"template":"","format":"standard","meta":{"footnotes":""},"categories":[6,26,20,5,3,22,24],"tags":[],"class_list":["post-40517","post","type-post","status-publish","format-standard","hentry","category-congreso","category-cultura","category-gobierno","category-partidos","category-politica","category-sociales","category-turismo","item-wrap"],"_links":{"self":[{"href":"https:\/\/lamendigapolitica.com\/index.php?rest_route=\/wp\/v2\/posts\/40517","targetHints":{"allow":["GET"]}}],"collection":[{"href":"https:\/\/lamendigapolitica.com\/index.php?rest_route=\/wp\/v2\/posts"}],"about":[{"href":"https:\/\/lamendigapolitica.com\/index.php?rest_route=\/wp\/v2\/types\/post"}],"author":[{"embeddable":true,"href":"https:\/\/lamendigapolitica.com\/index.php?rest_route=\/wp\/v2\/users\/1"}],"replies":[{"embeddable":true,"href":"https:\/\/lamendigapolitica.com\/index.php?rest_route=%2Fwp%2Fv2%2Fcomments&post=40517"}],"version-history":[{"count":1,"href":"https:\/\/lamendigapolitica.com\/index.php?rest_route=\/wp\/v2\/posts\/40517\/revisions"}],"predecessor-version":[{"id":40519,"href":"https:\/\/lamendigapolitica.com\/index.php?rest_route=\/wp\/v2\/posts\/40517\/revisions\/40519"}],"wp:attachment":[{"href":"https:\/\/lamendigapolitica.com\/index.php?rest_route=%2Fwp%2Fv2%2Fmedia&parent=40517"}],"wp:term":[{"taxonomy":"category","embeddable":true,"href":"https:\/\/lamendigapolitica.com\/index.php?rest_route=%2Fwp%2Fv2%2Fcategories&post=40517"},{"taxonomy":"post_tag","embeddable":true,"href":"https:\/\/lamendigapolitica.com\/index.php?rest_route=%2Fwp%2Fv2%2Ftags&post=40517"}],"curies":[{"name":"wp","href":"https:\/\/api.w.org\/{rel}","templated":true}]}}