{"id":40514,"date":"2016-09-01T17:16:51","date_gmt":"2016-09-01T22:16:51","guid":{"rendered":"http:\/\/lamendigapolitica.com\/blog\/?p=40514"},"modified":"2016-09-01T17:16:51","modified_gmt":"2016-09-01T22:16:51","slug":"jalisco-y-pnuma-por-aterrizar-proyectos-ambientales","status":"publish","type":"post","link":"https:\/\/lamendigapolitica.com\/?p=40514","title":{"rendered":"Jalisco y PNUMA por aterrizar proyectos ambientales"},"content":{"rendered":"<p><a href=\"https:\/\/lamendigapolitica.com\/blog\/blog\/wp-content\/uploads\/2016\/09\/29353720826_1cba403521_z.jpg\" rel=\"attachment wp-att-40515\"><img loading=\"lazy\" decoding=\"async\" class=\"aligncenter  wp-image-40515\" src=\"https:\/\/lamendigapolitica.com\/blog\/blog\/wp-content\/uploads\/2016\/09\/29353720826_1cba403521_z.jpg\" alt=\"29353720826_1cba403521_z\" width=\"411\" height=\"261\" srcset=\"https:\/\/lamendigapolitica.com\/wp-content\/uploads\/2016\/09\/29353720826_1cba403521_z.jpg 640w, https:\/\/lamendigapolitica.com\/wp-content\/uploads\/2016\/09\/29353720826_1cba403521_z-300x190.jpg 300w\" sizes=\"auto, (max-width: 411px) 100vw, 411px\" \/><\/a><\/p>\n<p>&nbsp;<\/p>\n<p>El Gobernador del Estado, Arist\u00f3teles Sandoval, intercambi\u00f3 puntos de vista sobre c\u00f3mo aterrizar proyectos de protecci\u00f3n al medio ambiente y para preservar los recursos naturales, durante la reuni\u00f3n que sostuvo con el director y representante regional para Am\u00e9rica Latina y el Caribe de PNUMA (Programa de las Naciones Unidas para el Medio Ambiente), Leo Heileman.<\/p>\n<p>&nbsp;<\/p>\n<p>Durante el encuentro bilateral, el mandatario estatal explic\u00f3 las acciones legales y financieras que se impulsan a trav\u00e9s de un Fondo Verde, el cual estar\u00eda estructurado para destinar recursos econ\u00f3micos a proyectos relacionados con energ\u00edas renovables, as\u00ed como los orientados a reducir la huella de carbono.<\/p>\n<p>&nbsp;<\/p>\n<p>Por su parte, Heileman destac\u00f3 la necesidad de movilizar al sector privado de M\u00e9xico y el mundo, para hacer factible el financiamiento sustentable y los fondos verdes o contra el cambio clim\u00e1tico, ya que son indispensables para llevar a la pr\u00e1ctica cualquier proyecto, particularmente los relacionados con energ\u00edas limpias, apartado en el que M\u00e9xico se fortalecer\u00eda exponencialmente al contar con 35 millones de usuarios de paneles solares.<\/p>\n","protected":false},"excerpt":{"rendered":"<p>&nbsp; El Gobernador del Estado, Arist\u00f3teles Sandoval, intercambi\u00f3 puntos de vista sobre c\u00f3mo aterrizar proyectos de protecci\u00f3n al medio ambiente y para preservar los recursos naturales, durante la reuni\u00f3n que sostuvo con el director y representante regional para Am\u00e9rica Latina y el Caribe de PNUMA (Programa de las Naciones Unidas para el Medio Ambiente), Leo &hellip; <\/p>\n<p><a class=\"more-link btn\" href=\"https:\/\/lamendigapolitica.com\/?p=40514\">Seguir leyendo<\/a><\/p>\n","protected":false},"author":1,"featured_media":0,"comment_status":"open","ping_status":"closed","sticky":false,"template":"","format":"standard","meta":{"footnotes":""},"categories":[6,30,20,5,3,22],"tags":[],"class_list":["post-40514","post","type-post","status-publish","format-standard","hentry","category-congreso","category-economia","category-gobierno","category-partidos","category-politica","category-sociales","item-wrap"],"_links":{"self":[{"href":"https:\/\/lamendigapolitica.com\/index.php?rest_route=\/wp\/v2\/posts\/40514","targetHints":{"allow":["GET"]}}],"collection":[{"href":"https:\/\/lamendigapolitica.com\/index.php?rest_route=\/wp\/v2\/posts"}],"about":[{"href":"https:\/\/lamendigapolitica.com\/index.php?rest_route=\/wp\/v2\/types\/post"}],"author":[{"embeddable":true,"href":"https:\/\/lamendigapolitica.com\/index.php?rest_route=\/wp\/v2\/users\/1"}],"replies":[{"embeddable":true,"href":"https:\/\/lamendigapolitica.com\/index.php?rest_route=%2Fwp%2Fv2%2Fcomments&post=40514"}],"version-history":[{"count":1,"href":"https:\/\/lamendigapolitica.com\/index.php?rest_route=\/wp\/v2\/posts\/40514\/revisions"}],"predecessor-version":[{"id":40516,"href":"https:\/\/lamendigapolitica.com\/index.php?rest_route=\/wp\/v2\/posts\/40514\/revisions\/40516"}],"wp:attachment":[{"href":"https:\/\/lamendigapolitica.com\/index.php?rest_route=%2Fwp%2Fv2%2Fmedia&parent=40514"}],"wp:term":[{"taxonomy":"category","embeddable":true,"href":"https:\/\/lamendigapolitica.com\/index.php?rest_route=%2Fwp%2Fv2%2Fcategories&post=40514"},{"taxonomy":"post_tag","embeddable":true,"href":"https:\/\/lamendigapolitica.com\/index.php?rest_route=%2Fwp%2Fv2%2Ftags&post=40514"}],"curies":[{"name":"wp","href":"https:\/\/api.w.org\/{rel}","templated":true}]}}