{"id":40511,"date":"2016-09-01T17:14:23","date_gmt":"2016-09-01T22:14:23","guid":{"rendered":"http:\/\/lamendigapolitica.com\/blog\/?p=40511"},"modified":"2016-09-01T17:14:23","modified_gmt":"2016-09-01T22:14:23","slug":"tonala-mejora-calificacion-crediticia","status":"publish","type":"post","link":"https:\/\/lamendigapolitica.com\/?p=40511","title":{"rendered":"Tonal\u00e1 mejora calificaci\u00f3n crediticia"},"content":{"rendered":"<p><a href=\"https:\/\/lamendigapolitica.com\/blog\/blog\/wp-content\/uploads\/2016\/09\/ayto.jpg\" rel=\"attachment wp-att-40512\"><img loading=\"lazy\" decoding=\"async\" class=\"aligncenter  wp-image-40512\" src=\"https:\/\/lamendigapolitica.com\/blog\/blog\/wp-content\/uploads\/2016\/09\/ayto.jpg\" alt=\"ayto\" width=\"405\" height=\"229\" \/><\/a><\/p>\n<p>&nbsp;<\/p>\n<p>El ayuntamiento de Tonal\u00e1 encabezado por Sergio Ch\u00e1vez D\u00e1valos, logr\u00f3 en tan s\u00f3lo ocho meses subir su calificaci\u00f3n a la calidad crediticia y a la vez mejor\u00f3 la calificaci\u00f3n del Cr\u00e9dito Interacciones, que al mes de mayo del a\u00f1o en curso sumaba 959.3 millones de pesos. El aumento de la calificaci\u00f3n crediticia del municipio se fundamenta en un mejor desempe\u00f1o presupuestal, que se refleja en una recaudaci\u00f3n de ingresos mayor y en pr\u00e1cticas administrativas mejores; esto, de acuerdo con la empresa Fitch Ratings que ubic\u00f3 al municipio con una calificaci\u00f3n \u00b4BBB-(mex)\u00b4 de \u00b4BB+(mex)\u00b4que ten\u00eda al inicio de la actual gesti\u00f3n.<\/p>\n<p>&nbsp;<\/p>\n<p>Entre las fortalezas principales de Tonal\u00e1 est\u00e1 el incremento en los ingresos propios, en lo que va de la administraci\u00f3n, y el potencial para continuar con la tendencia positiva en la recaudaci\u00f3n, observable en el avance presupuestal del a\u00f1o 2016, establece la calificadora. As\u00ed mismo, la empresa detalla que el pasivo circulante se mantiene en niveles manejables y destaca el buen manejo que la administraci\u00f3n ha tenido en el manejo de deudas con diferentes instituciones.<\/p>\n<p>&nbsp;<\/p>\n<p>Cabe destacar que las calificaciones nacionales \u00b4BBB-(mex)\u00b4 establecen que existe un riesgo moderado de incumplimiento en relaci\u00f3n a otros emisores u obligaciones en el mismo pa\u00eds; sin embargo, los cambios en circunstancias o condiciones econ\u00f3micas tienen m\u00e1s probabilidades de afectar la capacidad de pago oportuno que en el caso de los compromisos financieros que poseen una calificaci\u00f3n m\u00e1s alta.<\/p>\n<p>&nbsp;<\/p>\n<p>Las calificaciones nacionales \u00b4BB+(mex)\u00b4indican que existe un elevado riesgo de incumplimiento en relaci\u00f3n a otros emisores u obligaciones en el mismo pa\u00eds. Dentro del contexto del pa\u00eds, el pago es incierto hasta cierto punto, y la capacidad de pago sigue siendo m\u00e1s vulnerable al cambio econ\u00f3mico adverso con el paso del tiempo.<\/p>\n","protected":false},"excerpt":{"rendered":"<p>&nbsp; El ayuntamiento de Tonal\u00e1 encabezado por Sergio Ch\u00e1vez D\u00e1valos, logr\u00f3 en tan s\u00f3lo ocho meses subir su calificaci\u00f3n a la calidad crediticia y a la vez mejor\u00f3 la calificaci\u00f3n del Cr\u00e9dito Interacciones, que al mes de mayo del a\u00f1o en curso sumaba 959.3 millones de pesos. El aumento de la calificaci\u00f3n crediticia del municipio &hellip; <\/p>\n<p><a class=\"more-link btn\" href=\"https:\/\/lamendigapolitica.com\/?p=40511\">Seguir leyendo<\/a><\/p>\n","protected":false},"author":1,"featured_media":0,"comment_status":"open","ping_status":"closed","sticky":false,"template":"","format":"standard","meta":{"footnotes":""},"categories":[6,30,20,5,3],"tags":[],"class_list":["post-40511","post","type-post","status-publish","format-standard","hentry","category-congreso","category-economia","category-gobierno","category-partidos","category-politica","item-wrap"],"_links":{"self":[{"href":"https:\/\/lamendigapolitica.com\/index.php?rest_route=\/wp\/v2\/posts\/40511","targetHints":{"allow":["GET"]}}],"collection":[{"href":"https:\/\/lamendigapolitica.com\/index.php?rest_route=\/wp\/v2\/posts"}],"about":[{"href":"https:\/\/lamendigapolitica.com\/index.php?rest_route=\/wp\/v2\/types\/post"}],"author":[{"embeddable":true,"href":"https:\/\/lamendigapolitica.com\/index.php?rest_route=\/wp\/v2\/users\/1"}],"replies":[{"embeddable":true,"href":"https:\/\/lamendigapolitica.com\/index.php?rest_route=%2Fwp%2Fv2%2Fcomments&post=40511"}],"version-history":[{"count":1,"href":"https:\/\/lamendigapolitica.com\/index.php?rest_route=\/wp\/v2\/posts\/40511\/revisions"}],"predecessor-version":[{"id":40513,"href":"https:\/\/lamendigapolitica.com\/index.php?rest_route=\/wp\/v2\/posts\/40511\/revisions\/40513"}],"wp:attachment":[{"href":"https:\/\/lamendigapolitica.com\/index.php?rest_route=%2Fwp%2Fv2%2Fmedia&parent=40511"}],"wp:term":[{"taxonomy":"category","embeddable":true,"href":"https:\/\/lamendigapolitica.com\/index.php?rest_route=%2Fwp%2Fv2%2Fcategories&post=40511"},{"taxonomy":"post_tag","embeddable":true,"href":"https:\/\/lamendigapolitica.com\/index.php?rest_route=%2Fwp%2Fv2%2Ftags&post=40511"}],"curies":[{"name":"wp","href":"https:\/\/api.w.org\/{rel}","templated":true}]}}