{"id":40501,"date":"2016-09-01T10:29:36","date_gmt":"2016-09-01T15:29:36","guid":{"rendered":"http:\/\/lamendigapolitica.com\/blog\/?p=40501"},"modified":"2016-09-01T11:37:21","modified_gmt":"2016-09-01T16:37:21","slug":"efemerides-del-1-de-septiembre","status":"publish","type":"post","link":"https:\/\/lamendigapolitica.com\/?p=40501","title":{"rendered":"Efem\u00e9rides del  1 de septiembre"},"content":{"rendered":"<p><a href=\"https:\/\/lamendigapolitica.com\/blog\/blog\/wp-content\/uploads\/2016\/09\/solis.jpg\" rel=\"attachment wp-att-40502\"><img loading=\"lazy\" decoding=\"async\" class=\"aligncenter wp-image-40502\" src=\"https:\/\/lamendigapolitica.com\/blog\/blog\/wp-content\/uploads\/2016\/09\/solis.jpg\" alt=\"solis\" width=\"370\" height=\"246\" \/><\/a><\/p>\n<p>&nbsp;<\/p>\n<p>1904.- Nace el poeta, cuentista y novelista mexicano Efr\u00e9n Hern\u00e1ndez, autor de una de las mejores narraciones cortas de su pa\u00eds, \u00abTachas\u00bb, as\u00ed como de una vasta colecci\u00f3n de poemas y novelas. Muere el 28 de enero de 1958.<\/p>\n<p>1917.- El presidente Venustiano Carranza establece por primera vez en M\u00e9xico que la lectura del informe presidencial se realice una vez al a\u00f1o, al inicio de las sesiones ordinarias del Congreso de la Uni\u00f3n, a partir de esta fecha.<\/p>\n<p>1969.- El gobierno del presidente mexicano Gustavo D\u00edaz Ordaz decreta la adquisici\u00f3n de la ciudadan\u00eda de las personas a partir de los 18 a\u00f1os de edad<\/p>\n<p>1982: en M\u00e9xico se nacionaliza la banca.<\/p>\n<p>1931.- Nace el cantante y actor mexicano Javier Sol\u00eds, \u201cEl Rey del Bolero Ranchero\u201d, g\u00e9nero en el que graba m\u00e1s de 300 temas, como: \u201cLas rejas no matan\u201d, \u201cPayaso\u201d y \u201cEsta tristeza m\u00eda\u201d, as\u00ed como valses y tangos como \u201cEn esta tarde gris\u201d. Muere el 19 de abril de 1966.<\/p>\n<p>1992 Muere el escritor mexicano nacido en Guatemala Luis Cardoza y Arag\u00f3n. autor de frases como: \u00bb El amor es eterno mientras dura\u00bb<\/p>\n<p>1979 Se publica por primera vez La Historia Interminable de Michael Ende<\/p>\n<p>2003 Muere el m\u00fasico mexicano Lalo Gonz\u00e1lez el Piporro, \u00abel Rey del Taconazo\u00bb<\/p>\n","protected":false},"excerpt":{"rendered":"<p>&nbsp; 1904.- Nace el poeta, cuentista y novelista mexicano Efr\u00e9n Hern\u00e1ndez, autor de una de las mejores narraciones cortas de su pa\u00eds, \u00abTachas\u00bb, as\u00ed como de una vasta colecci\u00f3n de poemas y novelas. Muere el 28 de enero de 1958. 1917.- El presidente Venustiano Carranza establece por primera vez en M\u00e9xico que la lectura del &hellip; <\/p>\n<p><a class=\"more-link btn\" href=\"https:\/\/lamendigapolitica.com\/?p=40501\">Seguir leyendo<\/a><\/p>\n","protected":false},"author":1,"featured_media":0,"comment_status":"open","ping_status":"closed","sticky":false,"template":"","format":"standard","meta":{"footnotes":""},"categories":[26,20,31,22],"tags":[],"class_list":["post-40501","post","type-post","status-publish","format-standard","hentry","category-cultura","category-gobierno","category-internacional","category-sociales","item-wrap"],"_links":{"self":[{"href":"https:\/\/lamendigapolitica.com\/index.php?rest_route=\/wp\/v2\/posts\/40501","targetHints":{"allow":["GET"]}}],"collection":[{"href":"https:\/\/lamendigapolitica.com\/index.php?rest_route=\/wp\/v2\/posts"}],"about":[{"href":"https:\/\/lamendigapolitica.com\/index.php?rest_route=\/wp\/v2\/types\/post"}],"author":[{"embeddable":true,"href":"https:\/\/lamendigapolitica.com\/index.php?rest_route=\/wp\/v2\/users\/1"}],"replies":[{"embeddable":true,"href":"https:\/\/lamendigapolitica.com\/index.php?rest_route=%2Fwp%2Fv2%2Fcomments&post=40501"}],"version-history":[{"count":4,"href":"https:\/\/lamendigapolitica.com\/index.php?rest_route=\/wp\/v2\/posts\/40501\/revisions"}],"predecessor-version":[{"id":40506,"href":"https:\/\/lamendigapolitica.com\/index.php?rest_route=\/wp\/v2\/posts\/40501\/revisions\/40506"}],"wp:attachment":[{"href":"https:\/\/lamendigapolitica.com\/index.php?rest_route=%2Fwp%2Fv2%2Fmedia&parent=40501"}],"wp:term":[{"taxonomy":"category","embeddable":true,"href":"https:\/\/lamendigapolitica.com\/index.php?rest_route=%2Fwp%2Fv2%2Fcategories&post=40501"},{"taxonomy":"post_tag","embeddable":true,"href":"https:\/\/lamendigapolitica.com\/index.php?rest_route=%2Fwp%2Fv2%2Ftags&post=40501"}],"curies":[{"name":"wp","href":"https:\/\/api.w.org\/{rel}","templated":true}]}}