{"id":40495,"date":"2016-09-01T09:59:35","date_gmt":"2016-09-01T14:59:35","guid":{"rendered":"http:\/\/lamendigapolitica.com\/blog\/?p=40495"},"modified":"2016-09-01T09:59:35","modified_gmt":"2016-09-01T14:59:35","slug":"en-mexico-trump-no-tuvo-el-valor-de-defender-su-muro-tim-kaine","status":"publish","type":"post","link":"https:\/\/lamendigapolitica.com\/?p=40495","title":{"rendered":"En M\u00e9xico, Trump no tuvo el valor de defender su muro: Tim Kaine"},"content":{"rendered":"<p><a href=\"https:\/\/lamendigapolitica.com\/blog\/blog\/wp-content\/uploads\/2016\/09\/keine.jpg\" rel=\"attachment wp-att-40496\"><img loading=\"lazy\" decoding=\"async\" class=\"aligncenter  wp-image-40496\" src=\"https:\/\/lamendigapolitica.com\/blog\/blog\/wp-content\/uploads\/2016\/09\/keine.jpg\" alt=\"keine\" width=\"370\" height=\"207\" \/><\/a><\/p>\n<p>&nbsp;<\/p>\n<p>&nbsp;<\/p>\n<p>El candidato dem\u00f3crata a la vicepresidencia Tim Kaine dice que Donald Trump se \u00abahog\u00f3\u00bb al no exigirle al presidente de M\u00e9xico, Enrique Pe\u00f1a Nieto que su pa\u00eds pague la erecci\u00f3n de un muro en la frontera (Publica Excelsior).<\/p>\n<p>&nbsp;<\/p>\n<p>La construcci\u00f3n del muro \u2014y que lo pague M\u00e9xico\u2014 es uno de los temas centrales de la campa\u00f1a de Trump. \u00c9l dijo que el tema no surgi\u00f3 durante su conversaci\u00f3n con el presidente mexicano, pero Enrique Pe\u00f1a Nieto tuite\u00f3 que le hab\u00eda dicho a Trump que M\u00e9xico no pagar\u00e1 el muro\u201d, argument\u00f3.<\/p>\n<p>&nbsp;<\/p>\n<p>Kaine dijo por la cadena NBC que Trump \u00abse dobleg\u00f3 bajo la presi\u00f3n\u00bb y \u00abno tuvo valor\u00bb para discutir el tema con el presidente de M\u00e9xico. Cuando mira al mandatario de M\u00e9xico a los ojos, no se atreve a decirlo\u00bb, dijo Kaine.<\/p>\n","protected":false},"excerpt":{"rendered":"<p>&nbsp; &nbsp; El candidato dem\u00f3crata a la vicepresidencia Tim Kaine dice que Donald Trump se \u00abahog\u00f3\u00bb al no exigirle al presidente de M\u00e9xico, Enrique Pe\u00f1a Nieto que su pa\u00eds pague la erecci\u00f3n de un muro en la frontera (Publica Excelsior). &nbsp; La construcci\u00f3n del muro \u2014y que lo pague M\u00e9xico\u2014 es uno de los temas &hellip; <\/p>\n<p><a class=\"more-link btn\" href=\"https:\/\/lamendigapolitica.com\/?p=40495\">Seguir leyendo<\/a><\/p>\n","protected":false},"author":1,"featured_media":0,"comment_status":"open","ping_status":"closed","sticky":false,"template":"","format":"standard","meta":{"footnotes":""},"categories":[6,20,5,3],"tags":[],"class_list":["post-40495","post","type-post","status-publish","format-standard","hentry","category-congreso","category-gobierno","category-partidos","category-politica","item-wrap"],"_links":{"self":[{"href":"https:\/\/lamendigapolitica.com\/index.php?rest_route=\/wp\/v2\/posts\/40495","targetHints":{"allow":["GET"]}}],"collection":[{"href":"https:\/\/lamendigapolitica.com\/index.php?rest_route=\/wp\/v2\/posts"}],"about":[{"href":"https:\/\/lamendigapolitica.com\/index.php?rest_route=\/wp\/v2\/types\/post"}],"author":[{"embeddable":true,"href":"https:\/\/lamendigapolitica.com\/index.php?rest_route=\/wp\/v2\/users\/1"}],"replies":[{"embeddable":true,"href":"https:\/\/lamendigapolitica.com\/index.php?rest_route=%2Fwp%2Fv2%2Fcomments&post=40495"}],"version-history":[{"count":1,"href":"https:\/\/lamendigapolitica.com\/index.php?rest_route=\/wp\/v2\/posts\/40495\/revisions"}],"predecessor-version":[{"id":40497,"href":"https:\/\/lamendigapolitica.com\/index.php?rest_route=\/wp\/v2\/posts\/40495\/revisions\/40497"}],"wp:attachment":[{"href":"https:\/\/lamendigapolitica.com\/index.php?rest_route=%2Fwp%2Fv2%2Fmedia&parent=40495"}],"wp:term":[{"taxonomy":"category","embeddable":true,"href":"https:\/\/lamendigapolitica.com\/index.php?rest_route=%2Fwp%2Fv2%2Fcategories&post=40495"},{"taxonomy":"post_tag","embeddable":true,"href":"https:\/\/lamendigapolitica.com\/index.php?rest_route=%2Fwp%2Fv2%2Ftags&post=40495"}],"curies":[{"name":"wp","href":"https:\/\/api.w.org\/{rel}","templated":true}]}}