{"id":40492,"date":"2016-09-01T09:57:59","date_gmt":"2016-09-01T14:57:59","guid":{"rendered":"http:\/\/lamendigapolitica.com\/blog\/?p=40492"},"modified":"2016-09-01T09:57:59","modified_gmt":"2016-09-01T14:57:59","slug":"para-evo-morales-hay-exagerada-libertad-de-expresion","status":"publish","type":"post","link":"https:\/\/lamendigapolitica.com\/?p=40492","title":{"rendered":"Para Evo Morales \u201cHay exagerada libertad de expresi\u00f3n\u201d:"},"content":{"rendered":"<p><a href=\"https:\/\/lamendigapolitica.com\/blog\/blog\/wp-content\/uploads\/2016\/09\/evo.jpg\" rel=\"attachment wp-att-40493\"><img loading=\"lazy\" decoding=\"async\" class=\"aligncenter  wp-image-40493\" src=\"https:\/\/lamendigapolitica.com\/blog\/blog\/wp-content\/uploads\/2016\/09\/evo.jpg\" alt=\"evo\" width=\"367\" height=\"210\" \/><\/a><\/p>\n<p>&nbsp;<\/p>\n<p>El presidente de Bolivia, Evo Morales, firm\u00f3 ayer una ley que ampl\u00eda sin tr\u00e1mites la vigencia de las licencias de radios y canales de televisi\u00f3n hasta el 30 noviembre de 2019, pero al mismo tiempo consider\u00f3 en su discurso que en el pa\u00eds hay una \u201cexagerada libertad de expresi\u00f3n\u201d.<\/p>\n<p>&nbsp;<\/p>\n<p>A partir de entonces, se podr\u00e1n renovar sus licencias por quince a\u00f1os m\u00e1s sin necesidad de concurrir a una licitaci\u00f3n p\u00fablica sobre las frecuencias. El mandatario promulg\u00f3 en el Palacio de Gobierno la Ley de Adecuaci\u00f3n para Operadores de Radiodifusi\u00f3n en un acto al que asistieron los directores de varios medios audiovisuales, cuyos representantes destacaron la decisi\u00f3n gubernamental.<\/p>\n<p>&nbsp;<\/p>\n<p>Tras firmar, Morales destac\u00f3 la ley como una muestra de la vigencia de la libertad de expresi\u00f3n y consider\u00f3 que, \u201cfalsamente, algunos organismos se quejan\u201d de que ese derecho no se respeta. Apunt\u00f3 que en algunos pa\u00edses quienes insultan a un Presidente en redes sociales son detenidos en 24 horas, pero que \u00e9l no pidi\u00f3 eso cuando fue objeto de ataques.\u201cPor eso digo: siento que no solamente tenemos libertad de expresi\u00f3n, siento que tenemos exagerada libertad de expresi\u00f3n\u201d, manifest\u00f3 en su discurso.<\/p>\n<p>&nbsp;<\/p>\n<p>\u201cLa difamaci\u00f3n, la mentira, la calumnia, la injuria no es libertad de expresi\u00f3n\u201d, agreg\u00f3 el mandatario e inst\u00f3 a los medios a trabajar para informar, educar y orientar a la poblaci\u00f3n. Con la promulgaci\u00f3n de la norma se evita la incertidumbre sobre las inversiones de las empresas de radio donde existen tres mil empleos y de los canales de televisi\u00f3n, donde trabajan 10 mil personas.<\/p>\n<p>&nbsp;<\/p>\n<p>Antes del discurso de Morales, el presidente de la Asociaci\u00f3n Boliviana de Radiodifusoras (ASBORA), Alfonso Ar\u00e9valo, dijo que se trata de un \u201cd\u00eda fundamental\u201d porque se aprueba \u201cla continuidad de los medios de comunicaci\u00f3n y garant\u00edas para las fuentes laborales\u201d. El representante de los canales, Jimmy Iturri, dijo que la nueva norma es la comprobaci\u00f3n de que en Bolivia existe \u201cplena libertad de expresi\u00f3n, de que todos pueden decir lo que quieran\u201d.<\/p>\n","protected":false},"excerpt":{"rendered":"<p>&nbsp; El presidente de Bolivia, Evo Morales, firm\u00f3 ayer una ley que ampl\u00eda sin tr\u00e1mites la vigencia de las licencias de radios y canales de televisi\u00f3n hasta el 30 noviembre de 2019, pero al mismo tiempo consider\u00f3 en su discurso que en el pa\u00eds hay una \u201cexagerada libertad de expresi\u00f3n\u201d. &nbsp; A partir de entonces, &hellip; <\/p>\n<p><a class=\"more-link btn\" href=\"https:\/\/lamendigapolitica.com\/?p=40492\">Seguir leyendo<\/a><\/p>\n","protected":false},"author":1,"featured_media":0,"comment_status":"open","ping_status":"closed","sticky":false,"template":"","format":"standard","meta":{"footnotes":""},"categories":[20,31,5,3],"tags":[],"class_list":["post-40492","post","type-post","status-publish","format-standard","hentry","category-gobierno","category-internacional","category-partidos","category-politica","item-wrap"],"_links":{"self":[{"href":"https:\/\/lamendigapolitica.com\/index.php?rest_route=\/wp\/v2\/posts\/40492","targetHints":{"allow":["GET"]}}],"collection":[{"href":"https:\/\/lamendigapolitica.com\/index.php?rest_route=\/wp\/v2\/posts"}],"about":[{"href":"https:\/\/lamendigapolitica.com\/index.php?rest_route=\/wp\/v2\/types\/post"}],"author":[{"embeddable":true,"href":"https:\/\/lamendigapolitica.com\/index.php?rest_route=\/wp\/v2\/users\/1"}],"replies":[{"embeddable":true,"href":"https:\/\/lamendigapolitica.com\/index.php?rest_route=%2Fwp%2Fv2%2Fcomments&post=40492"}],"version-history":[{"count":1,"href":"https:\/\/lamendigapolitica.com\/index.php?rest_route=\/wp\/v2\/posts\/40492\/revisions"}],"predecessor-version":[{"id":40494,"href":"https:\/\/lamendigapolitica.com\/index.php?rest_route=\/wp\/v2\/posts\/40492\/revisions\/40494"}],"wp:attachment":[{"href":"https:\/\/lamendigapolitica.com\/index.php?rest_route=%2Fwp%2Fv2%2Fmedia&parent=40492"}],"wp:term":[{"taxonomy":"category","embeddable":true,"href":"https:\/\/lamendigapolitica.com\/index.php?rest_route=%2Fwp%2Fv2%2Fcategories&post=40492"},{"taxonomy":"post_tag","embeddable":true,"href":"https:\/\/lamendigapolitica.com\/index.php?rest_route=%2Fwp%2Fv2%2Ftags&post=40492"}],"curies":[{"name":"wp","href":"https:\/\/api.w.org\/{rel}","templated":true}]}}