{"id":40489,"date":"2016-09-01T09:29:31","date_gmt":"2016-09-01T14:29:31","guid":{"rendered":"http:\/\/lamendigapolitica.com\/blog\/?p=40489"},"modified":"2016-09-01T09:29:31","modified_gmt":"2016-09-01T14:29:31","slug":"justin-trudeau-se-convierte-en-superheroe-de-marvel","status":"publish","type":"post","link":"https:\/\/lamendigapolitica.com\/?p=40489","title":{"rendered":"Justin Trudeau se convierte en superh\u00e9roe de Marvel"},"content":{"rendered":"<p><a href=\"https:\/\/lamendigapolitica.com\/blog\/blog\/wp-content\/uploads\/2016\/09\/suoperheroe.jpg\" rel=\"attachment wp-att-40490\"><img loading=\"lazy\" decoding=\"async\" class=\"aligncenter  wp-image-40490\" src=\"https:\/\/lamendigapolitica.com\/blog\/blog\/wp-content\/uploads\/2016\/09\/suoperheroe.jpg\" alt=\"suoperheroe\" width=\"395\" height=\"219\" srcset=\"https:\/\/lamendigapolitica.com\/wp-content\/uploads\/2016\/09\/suoperheroe.jpg 301w, https:\/\/lamendigapolitica.com\/wp-content\/uploads\/2016\/09\/suoperheroe-300x166.jpg 300w\" sizes=\"auto, (max-width: 395px) 100vw, 395px\" \/><\/a><\/p>\n<p>&nbsp;<\/p>\n<p>El primer ministro canadiense, Justin Trudeau, se convirti\u00f3 en un superh\u00e9roe, al menos en el universo de la editorial de Marvel que coloc\u00f3 al fotog\u00e9nico pol\u00edtico liberal en la portada de uno de sus \u00faltimos c\u00f3mics.<\/p>\n<p>&nbsp;<\/p>\n<p>Trudeau aparece sonriente, en la esquina de un cuadril\u00e1tero y vestido con una camiseta con la bandera canadiense en la portada del ejemplar 5 de la colecci\u00f3n \u201cCivil War II: Chossing Sides\u201d que fue distribuida hoy. El primer ministro aparece en la portada rodeado de superh\u00e9roes canadienses m\u00e1s \u201cleg\u00edtimos\u201d: Puck, Squash y Aurora, los integrantes del grupo Alpha Fight. Iron Man tambi\u00e9n aparece en el fondo de la imagen.<\/p>\n<p>&nbsp;<\/p>\n<p>La escena hace referencia a uno de los actos m\u00e1s divulgados que Trudeau protagoniz\u00f3 antes de convertirse en primer ministro: el combate pugil\u00edstico que mantuvo, en beneficio de una causa altruista, con un senador del entonces gobernante Partido Conservador. Contra todo pron\u00f3stico, Trudeau gan\u00f3 el combate y elev\u00f3 su popularidad entre el p\u00fablico canadiense.<\/p>\n<p>&nbsp;<\/p>\n<p>En la historia de Marvel, Trudeau se enfrenta nada m\u00e1s y nada menos que al propio Tony Stark, el hombre detr\u00e1s de la m\u00e1scara de Iron Man. En el c\u00f3mic, Alpha Fight solicita consejo filos\u00f3fico a Trudeau. Y \u00e9ste, siguiendo la l\u00ednea pol\u00edtica que llev\u00f3 al Trudeau real al puesto de primer ministro de Canad\u00e1, se ajusta a sus principios.<\/p>\n<p>&nbsp;<\/p>\n<p>\u201cPor encima de todo, las libertades civiles deben ser protegidas\u201d, declara Trudeau antes de hacer una referencia, obligada, al hockey sobre hielo, el deporte nacional de Canad\u00e1. Y en un \u00faltimo gui\u00f1o a otro t\u00f3pico canadiense, la exasperante amabilidad, el Trudeau superh\u00e9roe se disculpa a Stark tras noquearlo. \u201cPerd\u00f3n\u201d, exclama con Tony Stark sobre la lona.<\/p>\n","protected":false},"excerpt":{"rendered":"<p>&nbsp; El primer ministro canadiense, Justin Trudeau, se convirti\u00f3 en un superh\u00e9roe, al menos en el universo de la editorial de Marvel que coloc\u00f3 al fotog\u00e9nico pol\u00edtico liberal en la portada de uno de sus \u00faltimos c\u00f3mics. &nbsp; Trudeau aparece sonriente, en la esquina de un cuadril\u00e1tero y vestido con una camiseta con la bandera &hellip; <\/p>\n<p><a class=\"more-link btn\" href=\"https:\/\/lamendigapolitica.com\/?p=40489\">Seguir leyendo<\/a><\/p>\n","protected":false},"author":1,"featured_media":0,"comment_status":"open","ping_status":"closed","sticky":false,"template":"","format":"standard","meta":{"footnotes":""},"categories":[20,31,3,22],"tags":[],"class_list":["post-40489","post","type-post","status-publish","format-standard","hentry","category-gobierno","category-internacional","category-politica","category-sociales","item-wrap"],"_links":{"self":[{"href":"https:\/\/lamendigapolitica.com\/index.php?rest_route=\/wp\/v2\/posts\/40489","targetHints":{"allow":["GET"]}}],"collection":[{"href":"https:\/\/lamendigapolitica.com\/index.php?rest_route=\/wp\/v2\/posts"}],"about":[{"href":"https:\/\/lamendigapolitica.com\/index.php?rest_route=\/wp\/v2\/types\/post"}],"author":[{"embeddable":true,"href":"https:\/\/lamendigapolitica.com\/index.php?rest_route=\/wp\/v2\/users\/1"}],"replies":[{"embeddable":true,"href":"https:\/\/lamendigapolitica.com\/index.php?rest_route=%2Fwp%2Fv2%2Fcomments&post=40489"}],"version-history":[{"count":1,"href":"https:\/\/lamendigapolitica.com\/index.php?rest_route=\/wp\/v2\/posts\/40489\/revisions"}],"predecessor-version":[{"id":40491,"href":"https:\/\/lamendigapolitica.com\/index.php?rest_route=\/wp\/v2\/posts\/40489\/revisions\/40491"}],"wp:attachment":[{"href":"https:\/\/lamendigapolitica.com\/index.php?rest_route=%2Fwp%2Fv2%2Fmedia&parent=40489"}],"wp:term":[{"taxonomy":"category","embeddable":true,"href":"https:\/\/lamendigapolitica.com\/index.php?rest_route=%2Fwp%2Fv2%2Fcategories&post=40489"},{"taxonomy":"post_tag","embeddable":true,"href":"https:\/\/lamendigapolitica.com\/index.php?rest_route=%2Fwp%2Fv2%2Ftags&post=40489"}],"curies":[{"name":"wp","href":"https:\/\/api.w.org\/{rel}","templated":true}]}}