{"id":40412,"date":"2016-08-30T14:46:25","date_gmt":"2016-08-30T19:46:25","guid":{"rendered":"http:\/\/lamendigapolitica.com\/blog\/?p=40412"},"modified":"2016-08-30T17:39:49","modified_gmt":"2016-08-30T22:39:49","slug":"coincidencias","status":"publish","type":"post","link":"https:\/\/lamendigapolitica.com\/?p=40412","title":{"rendered":"Coincidencias"},"content":{"rendered":"<p><a href=\"https:\/\/lamendigapolitica.com\/blog\/blog\/wp-content\/uploads\/2016\/08\/CESAR-I\u00d1IGUEZ-AVATAR-3.jpg\" rel=\"attachment wp-att-40413\"><img loading=\"lazy\" decoding=\"async\" class=\"alignleft size-thumbnail wp-image-40413\" src=\"https:\/\/lamendigapolitica.com\/blog\/blog\/wp-content\/uploads\/2016\/08\/CESAR-I\u00d1IGUEZ-AVATAR-3-150x150.jpg\" alt=\"CESAR I\u00d1IGUEZ AVATAR\" width=\"150\" height=\"150\" \/><\/a><\/p>\n<h3><span style=\"color: #003366;\">TRIBUNA\/C\u00e9sar I\u00f1iguez<\/span><\/h3>\n<p><strong>Primer suceso.<\/strong><\/p>\n<p>Sergio Kurt Schmidt Sandoval fue detenido por la PGR acusado de ser el operador financiero de uno de los c\u00e1rteles de la droga que operan en nuestro pa\u00eds.<\/p>\n<p><strong>Segundo suceso.<\/strong><\/p>\n<p>Se supo que se manejaba de alto perfil como empresario, todos los pol\u00edticos involucrados lo mencionan as\u00ed (pero nadie sabe qu\u00e9 empresas o negocios ten\u00eda) el cual llegaba con picaporte y sosten\u00eda m\u00faltiples relaciones con muchos funcionarios en el estado.<\/p>\n<p><strong>Tercer suceso.<\/strong><\/p>\n<p>Muchos pol\u00edticos lo conoc\u00edan y conviv\u00edan con \u00e9l, se supo de sus inicios delincuenciales del detenido en un hist\u00f3rico robo bancario entre los que tuvo como c\u00f3mplices a un hermano de Emilio Gonz\u00e1lez M\u00e1rquez; sus inicios en la vida p\u00fablica fueron en los tiempos de Emilio cuando fue gobernador y se consolidaron desde el 2012 con la llegada del PRI al gobierno y ahora en Guadalajara con Alfaro.<\/p>\n<p><strong>Cuarto suceso.<\/strong><\/p>\n<p>Luego de su detenci\u00f3n, todos los funcionarios fotografiados con \u00e9l y de quienes se sabe trataban con \u00e9l, entre los que por supuesto se encuentra Enrique Alfaro, se hicieron ojo de hormiga y de la vista gorda.<\/p>\n<p><strong>Quinto suceso.<\/strong><\/p>\n<p>En un v\u00eddeo se observa a Kurt discutiendo con dos ex regidores vallartenses, uno de ellos lleva m\u00e1s de dos a\u00f1os desaparecido; porque ambos se negaban a votar y entregar un recurso econ\u00f3mico para un espect\u00e1culo privado que promov\u00eda; la ex regidora Susana Carre\u00f1o denunci\u00f3 que la presion\u00f3 y amenaz\u00f3 Hugo Luna, entonces dirigente de MC en Jalisco. El recurso por cierto, lo promovi\u00f3 y baj\u00f3 del congreso de la uni\u00f3n, Rafael Gonz\u00e1lez Res\u00e9ndiz, entonces diputado federal pri\u00edsta de la regi\u00f3n.<\/p>\n<p><strong>Sexto suceso<\/strong>.<\/p>\n<p>Sus nexos financieros y en la n\u00f3mina.<\/p>\n<p>El hijo del detenido desde el 2012 a la fecha trabaj\u00f3 en el Ayuntamiento de Tlajomulco, en el Poder Judicial y recientemente, hasta hace unos d\u00edas en el Ayuntamiento de Guadalajara, en el gobierno de Enrique Alfaro.<\/p>\n<p>El hijo por cierto apareci\u00f3 en fotograf\u00edas con Alfaro brind\u00e1ndole apoyo en sus campa\u00f1as.<\/p>\n<p>Su esposa le rentaba un edificio al gobierno de Tlajomulco y su hermana estuvo en la n\u00f3mina de Guadalajara.<\/p>\n<p><strong>S\u00e9ptimo Suceso.<\/strong><\/p>\n<p>Se revel\u00f3 una fotograf\u00eda en la que aparece Sergio Kurt, en un templete de un evento de la campa\u00f1a presidencial de Andr\u00e9s Manuel L\u00f3pez Obrador acompa\u00f1ando a Enrique Alfaro en el 2012.<\/p>\n<p><strong>Preguntas.<\/strong><\/p>\n<p>\u00bfSer\u00e1 posible que muchos funcionarios que convivieron con \u00e9l no supieran qui\u00e9n era y a qu\u00e9 se dedicaba?<\/p>\n<p>Los pol\u00edticos que han manifestado conocerlo dicen que era un \u00abintegrante de la sociedad\u00bb de qui\u00e9n recib\u00edan regalos e integraban a sus n\u00f3minas sin saber a qu\u00e9 se dedicaba, \u00bfpodr\u00e1 ser cierto?<\/p>\n<p>\u00bfC\u00f3mo es que aceptaron regalos, detalles y dem\u00e1s prebendas solo como buena voluntad del \u00abempresario\u00bb ahora detenido por la PGR?<\/p>\n<p>\u00bfA los Ayuntamientos se ingresa a trabajar por bolsa de trabajo, examen de competencias o por recomendaci\u00f3n? \u00bfC\u00f3mo es que los hijos y la familia entraron a trabajar a los gobiernos de movimiento ciudadano?<\/p>\n<p>\u00bfQui\u00e9n recomend\u00f3 que Kurt Jr. entrara a la n\u00f3mina tanto a Tlajomulco, el Poder Judicial, as\u00ed como al Ayuntamiento de Guadalajara, sin saber a qu\u00e9 se dedicaba su padre?<\/p>\n<p>\u00bfC\u00f3mo es que un diputado federal le baja recursos para un proyecto solo por buena voluntad y a cambio de nada?<\/p>\n<p>\u00bfC\u00f3mo un dirigente de un partido, en caso de que as\u00ed sea y como lo revelan sus antecedentes envalentonados, presiona a una regidora para que apruebe la asignaci\u00f3n de recursos a favor del ahora detenido?<\/p>\n<p>\u00bfEn un templete de una campa\u00f1a presidencial se sube cualquier gente, de no ser as\u00ed, qui\u00e9n determina qui\u00e9n sube y qui\u00e9n no?<\/p>\n<p>\u00bfNo habr\u00e1 sabido Andr\u00e9s Manuel y Alfaro a qui\u00e9n ten\u00edan a un lado en el templete en su evento de campa\u00f1a?<\/p>\n<p>Despu\u00e9s de todo lo comentado, concluimos que en pol\u00edtica y en los asuntos p\u00fablicos no hay coincidencias.<\/p>\n<h3>Analista pol\u00edtico<\/h3>\n<h3>@CesarIniguezG<\/h3>\n","protected":false},"excerpt":{"rendered":"<p>TRIBUNA\/C\u00e9sar I\u00f1iguez Primer suceso. Sergio Kurt Schmidt Sandoval fue detenido por la PGR acusado de ser el operador financiero de uno de los c\u00e1rteles de la droga que operan en nuestro pa\u00eds. Segundo suceso. Se supo que se manejaba de alto perfil como empresario, todos los pol\u00edticos involucrados lo mencionan as\u00ed (pero nadie sabe qu\u00e9 &hellip; <\/p>\n<p><a class=\"more-link btn\" href=\"https:\/\/lamendigapolitica.com\/?p=40412\">Seguir leyendo<\/a><\/p>\n","protected":false},"author":1,"featured_media":0,"comment_status":"open","ping_status":"closed","sticky":false,"template":"","format":"standard","meta":{"footnotes":""},"categories":[1,6,26,30,28,20,31,5,3],"tags":[],"class_list":["post-40412","post","type-post","status-publish","format-standard","hentry","category-columnista","category-congreso","category-cultura","category-economia","category-educacion","category-gobierno","category-internacional","category-partidos","category-politica","item-wrap"],"_links":{"self":[{"href":"https:\/\/lamendigapolitica.com\/index.php?rest_route=\/wp\/v2\/posts\/40412","targetHints":{"allow":["GET"]}}],"collection":[{"href":"https:\/\/lamendigapolitica.com\/index.php?rest_route=\/wp\/v2\/posts"}],"about":[{"href":"https:\/\/lamendigapolitica.com\/index.php?rest_route=\/wp\/v2\/types\/post"}],"author":[{"embeddable":true,"href":"https:\/\/lamendigapolitica.com\/index.php?rest_route=\/wp\/v2\/users\/1"}],"replies":[{"embeddable":true,"href":"https:\/\/lamendigapolitica.com\/index.php?rest_route=%2Fwp%2Fv2%2Fcomments&post=40412"}],"version-history":[{"count":2,"href":"https:\/\/lamendigapolitica.com\/index.php?rest_route=\/wp\/v2\/posts\/40412\/revisions"}],"predecessor-version":[{"id":40415,"href":"https:\/\/lamendigapolitica.com\/index.php?rest_route=\/wp\/v2\/posts\/40412\/revisions\/40415"}],"wp:attachment":[{"href":"https:\/\/lamendigapolitica.com\/index.php?rest_route=%2Fwp%2Fv2%2Fmedia&parent=40412"}],"wp:term":[{"taxonomy":"category","embeddable":true,"href":"https:\/\/lamendigapolitica.com\/index.php?rest_route=%2Fwp%2Fv2%2Fcategories&post=40412"},{"taxonomy":"post_tag","embeddable":true,"href":"https:\/\/lamendigapolitica.com\/index.php?rest_route=%2Fwp%2Fv2%2Ftags&post=40412"}],"curies":[{"name":"wp","href":"https:\/\/api.w.org\/{rel}","templated":true}]}}