{"id":40270,"date":"2016-08-26T19:34:08","date_gmt":"2016-08-27T00:34:08","guid":{"rendered":"http:\/\/lamendigapolitica.com\/blog\/?p=40270"},"modified":"2016-08-26T19:34:08","modified_gmt":"2016-08-27T00:34:08","slug":"logra-jalisco-record-guinness-con-mosaico-de-sombreros","status":"publish","type":"post","link":"https:\/\/lamendigapolitica.com\/?p=40270","title":{"rendered":"Logra Jalisco r\u00e9cord Guinness con Mosaico de Sombreros"},"content":{"rendered":"<p><a href=\"https:\/\/lamendigapolitica.com\/blog\/blog\/wp-content\/uploads\/2016\/08\/29245691765_347907af9a_z.jpg\" rel=\"attachment wp-att-40271\"><img loading=\"lazy\" decoding=\"async\" class=\"aligncenter  wp-image-40271\" src=\"https:\/\/lamendigapolitica.com\/blog\/blog\/wp-content\/uploads\/2016\/08\/29245691765_347907af9a_z.jpg\" alt=\"29245691765_347907af9a_z\" width=\"391\" height=\"260\" \/><\/a><\/p>\n<p>&nbsp;<\/p>\n<p>Fue inaugurado por el Gobernador del Estado, Arist\u00f3teles Sandoval \u00a0el Mosaico de Sombreros m\u00e1s grande del mundo, tras obtener en esta categor\u00eda el r\u00e9cord Guinness, \u00a0el cual est\u00e1 siendo exhibido en Plaza de la Liberaci\u00f3n\u00a0 en el marco del vig\u00e9simo tercer Encuentro Internacional del Mariachi y la Charrer\u00eda, a celebrarse del 26 de agosto al 4 de septiembre<\/p>\n<p>&nbsp;<\/p>\n<p>Acompa\u00f1ado del Presidente Municipal de Guadalajara Enrique Alfaro y del \u00a0presidente de la C\u00e1mara Nacional de Comercio de Guadalajara (CANACO), Fernando Topete D\u00e1vila, autoridades de la ciudad y el adjudicador del Guinness World Records, Carlos Tapia, Sandoval D\u00edaz reiter\u00f3 que estas acciones fortalecen la presencia de Jalisco en el mundo y que por ello el Gobierno de Jalisco impulsa que este evento sea para el disfrute de los jaliscienses.<\/p>\n<p>&nbsp;<\/p>\n<p>\u201cEste es un encuentro donde el Gobierno del Estado ha apoyado firmemente, para que tambi\u00e9n nuestra gente, el p\u00fablico general, venga a la plaza, disfrute de las galas y no solamente sea un evento privado\u201d, sostuvo el titular del Ejecutivo.<\/p>\n<p>&nbsp;<\/p>\n<p>Para obtener dicho r\u00e9cord, fue necesario usar dos mil 684 sombreros, los cuales representan el baile de un charro y una escaramuza.<\/p>\n","protected":false},"excerpt":{"rendered":"<p>&nbsp; Fue inaugurado por el Gobernador del Estado, Arist\u00f3teles Sandoval \u00a0el Mosaico de Sombreros m\u00e1s grande del mundo, tras obtener en esta categor\u00eda el r\u00e9cord Guinness, \u00a0el cual est\u00e1 siendo exhibido en Plaza de la Liberaci\u00f3n\u00a0 en el marco del vig\u00e9simo tercer Encuentro Internacional del Mariachi y la Charrer\u00eda, a celebrarse del 26 de agosto &hellip; <\/p>\n<p><a class=\"more-link btn\" href=\"https:\/\/lamendigapolitica.com\/?p=40270\">Seguir leyendo<\/a><\/p>\n","protected":false},"author":1,"featured_media":0,"comment_status":"open","ping_status":"closed","sticky":false,"template":"","format":"standard","meta":{"footnotes":""},"categories":[6,30,20,5,3,22,24],"tags":[],"class_list":["post-40270","post","type-post","status-publish","format-standard","hentry","category-congreso","category-economia","category-gobierno","category-partidos","category-politica","category-sociales","category-turismo","item-wrap"],"_links":{"self":[{"href":"https:\/\/lamendigapolitica.com\/index.php?rest_route=\/wp\/v2\/posts\/40270","targetHints":{"allow":["GET"]}}],"collection":[{"href":"https:\/\/lamendigapolitica.com\/index.php?rest_route=\/wp\/v2\/posts"}],"about":[{"href":"https:\/\/lamendigapolitica.com\/index.php?rest_route=\/wp\/v2\/types\/post"}],"author":[{"embeddable":true,"href":"https:\/\/lamendigapolitica.com\/index.php?rest_route=\/wp\/v2\/users\/1"}],"replies":[{"embeddable":true,"href":"https:\/\/lamendigapolitica.com\/index.php?rest_route=%2Fwp%2Fv2%2Fcomments&post=40270"}],"version-history":[{"count":1,"href":"https:\/\/lamendigapolitica.com\/index.php?rest_route=\/wp\/v2\/posts\/40270\/revisions"}],"predecessor-version":[{"id":40272,"href":"https:\/\/lamendigapolitica.com\/index.php?rest_route=\/wp\/v2\/posts\/40270\/revisions\/40272"}],"wp:attachment":[{"href":"https:\/\/lamendigapolitica.com\/index.php?rest_route=%2Fwp%2Fv2%2Fmedia&parent=40270"}],"wp:term":[{"taxonomy":"category","embeddable":true,"href":"https:\/\/lamendigapolitica.com\/index.php?rest_route=%2Fwp%2Fv2%2Fcategories&post=40270"},{"taxonomy":"post_tag","embeddable":true,"href":"https:\/\/lamendigapolitica.com\/index.php?rest_route=%2Fwp%2Fv2%2Ftags&post=40270"}],"curies":[{"name":"wp","href":"https:\/\/api.w.org\/{rel}","templated":true}]}}