{"id":39551,"date":"2016-08-09T19:54:40","date_gmt":"2016-08-10T00:54:40","guid":{"rendered":"http:\/\/lamendigapolitica.com\/blog\/?p=39551"},"modified":"2016-08-09T19:54:40","modified_gmt":"2016-08-10T00:54:40","slug":"presentan-maqueta-de-vagones-de-la-l3-del-tren-ligero","status":"publish","type":"post","link":"https:\/\/lamendigapolitica.com\/?p=39551","title":{"rendered":"Presentan maqueta de vagones de la L3 del Tren Ligero"},"content":{"rendered":"<p><a href=\"https:\/\/lamendigapolitica.com\/blog\/blog\/wp-content\/uploads\/2016\/08\/28769571772_06846e94b8_z.jpg\" rel=\"attachment wp-att-39552\"><img loading=\"lazy\" decoding=\"async\" class=\"aligncenter  wp-image-39552\" src=\"https:\/\/lamendigapolitica.com\/blog\/blog\/wp-content\/uploads\/2016\/08\/28769571772_06846e94b8_z.jpg\" alt=\"28769571772_06846e94b8_z\" width=\"425\" height=\"282\" srcset=\"https:\/\/lamendigapolitica.com\/wp-content\/uploads\/2016\/08\/28769571772_06846e94b8_z.jpg 640w, https:\/\/lamendigapolitica.com\/wp-content\/uploads\/2016\/08\/28769571772_06846e94b8_z-300x199.jpg 300w\" sizes=\"auto, (max-width: 425px) 100vw, 425px\" \/><\/a><\/p>\n<p>&nbsp;<\/p>\n<p>El gobierno del estado present\u00f3 la maqueta a escala real de c\u00f3mo ser\u00e1n los vagones de la L3 del Tren Ligero, en la Plaza Juan Pablo II, en Zapopan, donde el Gobernador del Estado, Arist\u00f3teles Sandoval,\u00a0 record\u00f3 que a pesar de las dudas financieras que gener\u00f3 el proyecto en 2009, hoy es una realidad que demuestra que cuando hay inter\u00e9s de una autoridad por impulsar el desarrollo, no hay imposibles.<\/p>\n<p>&nbsp;<\/p>\n<p>Asegur\u00f3 que las caracter\u00edsticas del proyecto ser\u00e1n un eje rector para la transformaci\u00f3n de Jalisco, en donde la modernidad, eficiencia presupuestal y transparencia, mejorar\u00e1n la movilidad de las personas. \u201cM\u00e1s all\u00e1 de ser un modelo de transporte, es el detonador del desarrollo urbano y la transformaci\u00f3n del \u00c1rea Metropolitana de Guadalajara. Este ser\u00e1 sin duda el proyecto m\u00e1s importante que se est\u00e1 construyendo en el pa\u00eds\u201d, sostuvo Sandoval.<\/p>\n<p>&nbsp;<\/p>\n<p>Asimismo, reiter\u00f3 que todos los procesos y etapas de esta obra han avanzado con una pol\u00edtica de transparencia hist\u00f3rica, propiciando la eficiencia presupuestal al adquirir materiales para la red ferroviaria, la compra de 18 trenes con tres vagones cada uno, los cuales se estima lleguen en diciembre de este a\u00f1o. Una vez concluido el proyecto, para el a\u00f1o 2018, se podr\u00e1 trasladar hasta 15 mil jaliscienses por hora.<\/p>\n<p>&nbsp;<\/p>\n<p>La maqueta recorrer\u00e1 los municipios de la Zona Metropolitana de Guadalajara y ser\u00e1 expuesta en eventos y universidades.<\/p>\n","protected":false},"excerpt":{"rendered":"<p>&nbsp; El gobierno del estado present\u00f3 la maqueta a escala real de c\u00f3mo ser\u00e1n los vagones de la L3 del Tren Ligero, en la Plaza Juan Pablo II, en Zapopan, donde el Gobernador del Estado, Arist\u00f3teles Sandoval,\u00a0 record\u00f3 que a pesar de las dudas financieras que gener\u00f3 el proyecto en 2009, hoy es una realidad &hellip; <\/p>\n<p><a class=\"more-link btn\" href=\"https:\/\/lamendigapolitica.com\/?p=39551\">Seguir leyendo<\/a><\/p>\n","protected":false},"author":1,"featured_media":0,"comment_status":"open","ping_status":"closed","sticky":false,"template":"","format":"standard","meta":{"footnotes":""},"categories":[6,20,5,3],"tags":[],"class_list":["post-39551","post","type-post","status-publish","format-standard","hentry","category-congreso","category-gobierno","category-partidos","category-politica","item-wrap"],"_links":{"self":[{"href":"https:\/\/lamendigapolitica.com\/index.php?rest_route=\/wp\/v2\/posts\/39551","targetHints":{"allow":["GET"]}}],"collection":[{"href":"https:\/\/lamendigapolitica.com\/index.php?rest_route=\/wp\/v2\/posts"}],"about":[{"href":"https:\/\/lamendigapolitica.com\/index.php?rest_route=\/wp\/v2\/types\/post"}],"author":[{"embeddable":true,"href":"https:\/\/lamendigapolitica.com\/index.php?rest_route=\/wp\/v2\/users\/1"}],"replies":[{"embeddable":true,"href":"https:\/\/lamendigapolitica.com\/index.php?rest_route=%2Fwp%2Fv2%2Fcomments&post=39551"}],"version-history":[{"count":1,"href":"https:\/\/lamendigapolitica.com\/index.php?rest_route=\/wp\/v2\/posts\/39551\/revisions"}],"predecessor-version":[{"id":39553,"href":"https:\/\/lamendigapolitica.com\/index.php?rest_route=\/wp\/v2\/posts\/39551\/revisions\/39553"}],"wp:attachment":[{"href":"https:\/\/lamendigapolitica.com\/index.php?rest_route=%2Fwp%2Fv2%2Fmedia&parent=39551"}],"wp:term":[{"taxonomy":"category","embeddable":true,"href":"https:\/\/lamendigapolitica.com\/index.php?rest_route=%2Fwp%2Fv2%2Fcategories&post=39551"},{"taxonomy":"post_tag","embeddable":true,"href":"https:\/\/lamendigapolitica.com\/index.php?rest_route=%2Fwp%2Fv2%2Ftags&post=39551"}],"curies":[{"name":"wp","href":"https:\/\/api.w.org\/{rel}","templated":true}]}}