{"id":38826,"date":"2016-07-25T07:48:38","date_gmt":"2016-07-25T12:48:38","guid":{"rendered":"http:\/\/lamendigapolitica.com\/blog\/?p=38826"},"modified":"2016-07-25T07:48:38","modified_gmt":"2016-07-25T12:48:38","slug":"ineficientes-y-mentirosos","status":"publish","type":"post","link":"https:\/\/lamendigapolitica.com\/?p=38826","title":{"rendered":"Ineficientes y mentirosos"},"content":{"rendered":"<h3><a href=\"https:\/\/lamendigapolitica.com\/blog\/blog\/wp-content\/uploads\/2016\/07\/garza1-2.jpg\" rel=\"attachment wp-att-38895\"><img loading=\"lazy\" decoding=\"async\" class=\"alignleft  wp-image-38895\" src=\"https:\/\/lamendigapolitica.com\/blog\/blog\/wp-content\/uploads\/2016\/07\/garza1-2.jpg\" alt=\"garza1\" width=\"129\" height=\"153\" srcset=\"https:\/\/lamendigapolitica.com\/wp-content\/uploads\/2016\/07\/garza1-2.jpg 299w, https:\/\/lamendigapolitica.com\/wp-content\/uploads\/2016\/07\/garza1-2-252x300.jpg 252w\" sizes=\"auto, (max-width: 129px) 100vw, 129px\" \/><\/a><span style=\"color: #333399;\">PICANDO PIEDRA\/ Fernando Garza<\/span><\/h3>\n<p>Si consideramos la condici\u00f3n de seguridad p\u00fablica en Jalisco y particularmente la que hoy acontece en la zona metropolitana de Guadalajara, los esfuerzos parecen pocos o la incapacidad mucha.<\/p>\n<p>Nuestros gobiernos municipales y particularmente el del Estado, parecen dar palos de ciego en el control de un fen\u00f3meno social que nos ha robado el sosiego a los jaliscienses.<\/p>\n<p>Los nuevos datos aportados por el Sistema Nacional de Seguridad, respecto de los cr\u00edmenes de alto impacto, demuestran que a nivel nacional delitos como el homicidio, el secuestro, extorsi\u00f3n, robo a transe\u00fantes, robo de veh\u00edculos y a casa habitaci\u00f3n, solo de mayo a junio de este a\u00f1o, han tenido un incremento del 5%.<\/p>\n<p>La incidencia delictiva en el Estado de Jalisco del enero a junio del 2016 acumula 52,647 denuncias; en esta cifra debemos considerar que no se encuentran se\u00f1aladas las vejaciones no denunciadas ante la autoridad competente.<\/p>\n<p>Vemos entonces como sigue al alza y sin una l\u00f3gica seria de ser contenida la delincuencia en la Zona Metropolitana de Guadalajara y mucho menos en el Estado.<\/p>\n<p>La menos nociva de las explicaciones a esta penosa condici\u00f3n, es que han fallado los hombres y las estrategias definidas para intentar garantizarnos una comuna en paz; porque la verdad no quiero aventurarme en la t\u00f3xica teor\u00eda de la complicidad o el acuerdo con el crimen organizado por parte de quienes nos gobiernan.<\/p>\n<p>Esto no es una cuesti\u00f3n de percepci\u00f3n c\u00f3mo han insistido las autoridades al querer justificar el terrible fen\u00f3meno que nos aqueja, y del cual, ellos son los principales responsables en aportar condiciones para una soluci\u00f3n, y no lo han logrado.<\/p>\n<p>La estad\u00edstica es devastadora y hoy es altamente probable que, a nosotros mismos o a un ser querido, ser v\u00edctimas de un delincuente.<\/p>\n<p>Que hayan atentado contra nuestra integridad o patrimonio no es una fatalidad \u00a1Por Dios! Es una clara ineficiencia del actuar de las instituciones dedicadas, por ley, a cuidar de nuestra seguridad.<\/p>\n<p>Un piso s\u00f3lido en materia de confianza es requisito para el crecimiento econ\u00f3mico y democr\u00e1tico de la ciudadan\u00eda.<\/p>\n<p>Se ha demostrado que la inseguridad est\u00e1 frenando el crecimiento social y muchas zonas en nuestro Estado est\u00e1n pagando un alto costo al respecto.<\/p>\n<p>A nuestro Fiscal hay que insistirle que los delitos que hoy amedrentan, destruyen familias y acaban patrimonios de vida, no son una apolog\u00eda, como la que insiste y presume perseguir en la circunstancia de un cantante de banda, son una realidad que \u00e9l no ha sido calificado para resolver.<\/p>\n<p>Ex alcalde de Guadalajara<\/p>\n<p>@fernandoGarzaM<\/p>\n","protected":false},"excerpt":{"rendered":"<p>PICANDO PIEDRA\/ Fernando Garza Si consideramos la condici\u00f3n de seguridad p\u00fablica en Jalisco y particularmente la que hoy acontece en la zona metropolitana de Guadalajara, los esfuerzos parecen pocos o la incapacidad mucha. Nuestros gobiernos municipales y particularmente el del Estado, parecen dar palos de ciego en el control de un fen\u00f3meno social que nos &hellip; <\/p>\n<p><a class=\"more-link btn\" href=\"https:\/\/lamendigapolitica.com\/?p=38826\">Seguir leyendo<\/a><\/p>\n","protected":false},"author":1,"featured_media":0,"comment_status":"open","ping_status":"closed","sticky":false,"template":"","format":"standard","meta":{"footnotes":""},"categories":[1,6,26,30,20,31,5,3,27],"tags":[],"class_list":["post-38826","post","type-post","status-publish","format-standard","hentry","category-columnista","category-congreso","category-cultura","category-economia","category-gobierno","category-internacional","category-partidos","category-politica","category-seguridad","item-wrap"],"_links":{"self":[{"href":"https:\/\/lamendigapolitica.com\/index.php?rest_route=\/wp\/v2\/posts\/38826","targetHints":{"allow":["GET"]}}],"collection":[{"href":"https:\/\/lamendigapolitica.com\/index.php?rest_route=\/wp\/v2\/posts"}],"about":[{"href":"https:\/\/lamendigapolitica.com\/index.php?rest_route=\/wp\/v2\/types\/post"}],"author":[{"embeddable":true,"href":"https:\/\/lamendigapolitica.com\/index.php?rest_route=\/wp\/v2\/users\/1"}],"replies":[{"embeddable":true,"href":"https:\/\/lamendigapolitica.com\/index.php?rest_route=%2Fwp%2Fv2%2Fcomments&post=38826"}],"version-history":[{"count":3,"href":"https:\/\/lamendigapolitica.com\/index.php?rest_route=\/wp\/v2\/posts\/38826\/revisions"}],"predecessor-version":[{"id":38896,"href":"https:\/\/lamendigapolitica.com\/index.php?rest_route=\/wp\/v2\/posts\/38826\/revisions\/38896"}],"wp:attachment":[{"href":"https:\/\/lamendigapolitica.com\/index.php?rest_route=%2Fwp%2Fv2%2Fmedia&parent=38826"}],"wp:term":[{"taxonomy":"category","embeddable":true,"href":"https:\/\/lamendigapolitica.com\/index.php?rest_route=%2Fwp%2Fv2%2Fcategories&post=38826"},{"taxonomy":"post_tag","embeddable":true,"href":"https:\/\/lamendigapolitica.com\/index.php?rest_route=%2Fwp%2Fv2%2Ftags&post=38826"}],"curies":[{"name":"wp","href":"https:\/\/api.w.org\/{rel}","templated":true}]}}