{"id":38811,"date":"2016-07-22T16:46:16","date_gmt":"2016-07-22T21:46:16","guid":{"rendered":"http:\/\/lamendigapolitica.com\/blog\/?p=38811"},"modified":"2016-07-22T16:46:16","modified_gmt":"2016-07-22T21:46:16","slug":"seguridad-vial-en-menores","status":"publish","type":"post","link":"https:\/\/lamendigapolitica.com\/?p=38811","title":{"rendered":"Seguridad vial en menores"},"content":{"rendered":"<h3><a href=\"https:\/\/lamendigapolitica.com\/blog\/blog\/wp-content\/uploads\/2016\/07\/Jonadab-perfil-2.jpg\" rel=\"attachment wp-att-38812\"><img loading=\"lazy\" decoding=\"async\" class=\"alignleft size-thumbnail wp-image-38812\" src=\"https:\/\/lamendigapolitica.com\/blog\/blog\/wp-content\/uploads\/2016\/07\/Jonadab-perfil-2-150x150.jpg\" alt=\"Jonadab-perfil\" width=\"150\" height=\"150\" srcset=\"https:\/\/lamendigapolitica.com\/wp-content\/uploads\/2016\/07\/Jonadab-perfil-2-150x150.jpg 150w, https:\/\/lamendigapolitica.com\/wp-content\/uploads\/2016\/07\/Jonadab-perfil-2.jpg 300w\" sizes=\"auto, (max-width: 150px) 100vw, 150px\" \/><\/a><span style=\"color: #ff6600;\">POL\u00cdTICA SIN \u00c9TICA\/Jonadab Mart\u00ednez<\/span><\/h3>\n<p>Lo he mencionado en publicaciones anteriores, la Seguridad Vial en nuestro Estado no ha sido tomada en serio por Sociedad y Gobierno, ambas partes hemos contribuido a que d\u00eda a d\u00eda pierdan la vida m\u00e1s j\u00f3venes por irresponsabilidad vial al conducir bajo los influjos del alcohol; cada d\u00eda mueren m\u00e1s ni\u00f1os y ni\u00f1as por padres desobligados que los transportan sin las medidas de seguridad adecuadas; y cada d\u00eda se acumulan las muertes en menores de edad al ser transportados en motociclistas.<\/p>\n<p>Las tres acciones de irresponsabilidad citadas con antelaci\u00f3n, est\u00e1n prohibidas en la Ley deben ser sancionadas por la autoridad estatal, sin embargo, ante tanta impunidad, tanta mortandad.<\/p>\n<p>La movilidad implica riesgos, y estos deben ser prevenidos, ya que en el asunto que nos ocupa, miles de opiniones como la de un servidor no son suficientes, necesitamos que la Secretar\u00eda de Movilidad act\u00fae de manera contundente, es cl\u00e1sico ver en las calles de la ciudad a motociclistas sin casco de seguridad, y adem\u00e1s viajando con mejores de edad.<\/p>\n<p>Lo peor de todo es que si un ni\u00f1o sufre alguna lesi\u00f3n en alg\u00fan accidente vial, el que paga los da\u00f1os, las lesiones y asume la responsabilidad es el conductor del veh\u00edculo ajeno, es decir, no se le imputa ninguna responsabilidad a quien transporta menores de edad sin las medidas de seguridad adecuadas.<\/p>\n<p>Por ejemplo:<\/p>\n<p>Si en un primer auto viaja un menor de edad en el asiento delantero, y un segundo auto choca al primero y el menor de edad es lesionado; toda la responsabilidad se le imputa al segundo auto. Cuando el irresponsable fue el primero, no el segundo. Si el menor de edad hubiera estado en el asiento trasero en su silla portainfante o sujetado con las medidas de seguridad, seguramente no hubiera sido lesionado.<\/p>\n<p>Otro ejemplo:<\/p>\n<p>Si en una motociclista viaja un menor de edad, y la misma motociclista choca con un auto, la responsabilidad de las lesiones del menor de edad se le imputan al conductor del auto, tenga o no responsabilidad en el siniestro. Lo mismo que el ejemplo anterior, a\u00fan cuando el irresponsable haya sido el motociclista, se culpa al automovilista por \u00e9ste hecho.<\/p>\n<p>Por lo anterior, propongo que los Diputados Locales se enfoquen a regular este tipo de casos, ya que hoy en d\u00eda hay personas inocentes que est\u00e1n purgando alguna pena o que ya fueron sentenciados a pagar da\u00f1os y lesiones a\u00fan a pesar de que ellos no tuvieron toda la responsabilidad en los incidentes.<\/p>\n<p>La Ley General de los Derechos de Ni\u00f1as, Ni\u00f1os y Adolescentes decreta que son derechos de ni\u00f1as, ni\u00f1os y adolescentes entre otros: el derecho a la vida, a la supervivencia y al desarrollo; y el derecho a la protecci\u00f3n de la salud y a la seguridad social.<\/p>\n<p>Por lo cual, como legisladores estamos obligados a velar por la seguridad de los ni\u00f1os y las ni\u00f1as, y en el caso que nos ocupa, estar\u00edamos velando hasta por la seguridad jur\u00eddica de miles de personas que son condenados por da\u00f1os y lesiones que no cometieron en su totalidad.<\/p>\n<h3>\nDiputado Federal MC<br \/>\n@jonadabmartinez<\/h3>\n","protected":false},"excerpt":{"rendered":"<p>POL\u00cdTICA SIN \u00c9TICA\/Jonadab Mart\u00ednez Lo he mencionado en publicaciones anteriores, la Seguridad Vial en nuestro Estado no ha sido tomada en serio por Sociedad y Gobierno, ambas partes hemos contribuido a que d\u00eda a d\u00eda pierdan la vida m\u00e1s j\u00f3venes por irresponsabilidad vial al conducir bajo los influjos del alcohol; cada d\u00eda mueren m\u00e1s ni\u00f1os &hellip; <\/p>\n<p><a class=\"more-link btn\" href=\"https:\/\/lamendigapolitica.com\/?p=38811\">Seguir leyendo<\/a><\/p>\n","protected":false},"author":1,"featured_media":0,"comment_status":"open","ping_status":"closed","sticky":false,"template":"","format":"standard","meta":{"footnotes":""},"categories":[1,6,26,30,20,31,5,3,27],"tags":[],"class_list":["post-38811","post","type-post","status-publish","format-standard","hentry","category-columnista","category-congreso","category-cultura","category-economia","category-gobierno","category-internacional","category-partidos","category-politica","category-seguridad","item-wrap"],"_links":{"self":[{"href":"https:\/\/lamendigapolitica.com\/index.php?rest_route=\/wp\/v2\/posts\/38811","targetHints":{"allow":["GET"]}}],"collection":[{"href":"https:\/\/lamendigapolitica.com\/index.php?rest_route=\/wp\/v2\/posts"}],"about":[{"href":"https:\/\/lamendigapolitica.com\/index.php?rest_route=\/wp\/v2\/types\/post"}],"author":[{"embeddable":true,"href":"https:\/\/lamendigapolitica.com\/index.php?rest_route=\/wp\/v2\/users\/1"}],"replies":[{"embeddable":true,"href":"https:\/\/lamendigapolitica.com\/index.php?rest_route=%2Fwp%2Fv2%2Fcomments&post=38811"}],"version-history":[{"count":1,"href":"https:\/\/lamendigapolitica.com\/index.php?rest_route=\/wp\/v2\/posts\/38811\/revisions"}],"predecessor-version":[{"id":38813,"href":"https:\/\/lamendigapolitica.com\/index.php?rest_route=\/wp\/v2\/posts\/38811\/revisions\/38813"}],"wp:attachment":[{"href":"https:\/\/lamendigapolitica.com\/index.php?rest_route=%2Fwp%2Fv2%2Fmedia&parent=38811"}],"wp:term":[{"taxonomy":"category","embeddable":true,"href":"https:\/\/lamendigapolitica.com\/index.php?rest_route=%2Fwp%2Fv2%2Fcategories&post=38811"},{"taxonomy":"post_tag","embeddable":true,"href":"https:\/\/lamendigapolitica.com\/index.php?rest_route=%2Fwp%2Fv2%2Ftags&post=38811"}],"curies":[{"name":"wp","href":"https:\/\/api.w.org\/{rel}","templated":true}]}}