{"id":38807,"date":"2016-07-22T15:21:22","date_gmt":"2016-07-22T20:21:22","guid":{"rendered":"http:\/\/lamendigapolitica.com\/blog\/?p=38807"},"modified":"2016-07-22T15:21:22","modified_gmt":"2016-07-22T20:21:22","slug":"policia-de-munich-confirma-seis-muertos-y-sospecha-de-ataque-terrorista","status":"publish","type":"post","link":"https:\/\/lamendigapolitica.com\/?p=38807","title":{"rendered":"Polic\u00eda de Munich confirma seis muertos y sospecha de ataque terrorista"},"content":{"rendered":"<p><a href=\"https:\/\/lamendigapolitica.com\/blog\/blog\/wp-content\/uploads\/2016\/07\/miunich.jpg\" rel=\"attachment wp-att-38808\"><img loading=\"lazy\" decoding=\"async\" class=\"aligncenter  wp-image-38808\" src=\"https:\/\/lamendigapolitica.com\/blog\/blog\/wp-content\/uploads\/2016\/07\/miunich.jpg\" alt=\"miunich\" width=\"414\" height=\"292\" \/><\/a><\/p>\n<p>&nbsp;<\/p>\n<p>El portavoz de la polic\u00eda de Munich confirm\u00f3 que el tiroteo en el centro comercial Olympia, en Munich, deja hasta el momento seis muertos y un n\u00famero indeterminado de heridos, adem\u00e1s de que sospechan de un \u00abatentado terrorista\u00bb basados en los testimonios recabados en el lugar.<\/p>\n<p>&nbsp;<\/p>\n<p>&nbsp;<\/p>\n<p>Asimismo, el agente inform\u00f3 que los tres atacantes se dieron a la fuga y las autoridades enfocan sus esfuerzos en la b\u00fasqueda. La zona de b\u00fasqueda se ampli\u00f3 a las afueras de la ciudad, por lo que se cort\u00f3 la circulaci\u00f3n de las carreteras que llevan y salen de Munich.<\/p>\n<p>&nbsp;<\/p>\n<p>El portavoz policial a\u00f1adi\u00f3 que la ciudad se encuentra en \u2018estado de emergencia\u2019 y que, a falta de una profunda investigaci\u00f3n, \u00abest\u00e1 justificado hablar de ataque terrorista luego de los acontecimientos de los \u00faltimos d\u00edas\u00bb en Europa.<\/p>\n<p>Elevan alerta terrorista en Munich tras tiroteo<\/p>\n<p>&nbsp;<\/p>\n<p>La polic\u00eda elev\u00f3 en Munich la \u00abalerta terrorista\u00bb tras el tiroteo en el que murieron al menos tres personas a manos de tres hombres armados que se dieron a la fuga. En un comunicado, la polic\u00eda asegura que los autores del ataque portan \u00abarmas largas\u00bb. Para facilitar el operativo policial se pidi\u00f3 a los automovilistas que abandonen las autopistas que van en direcci\u00f3n a Munich. La estaci\u00f3n central de metro fue evacuada y se suspendi\u00f3 el tr\u00e1fico ferroviario hacia ella.<\/p>\n","protected":false},"excerpt":{"rendered":"<p>&nbsp; El portavoz de la polic\u00eda de Munich confirm\u00f3 que el tiroteo en el centro comercial Olympia, en Munich, deja hasta el momento seis muertos y un n\u00famero indeterminado de heridos, adem\u00e1s de que sospechan de un \u00abatentado terrorista\u00bb basados en los testimonios recabados en el lugar. &nbsp; &nbsp; Asimismo, el agente inform\u00f3 que los &hellip; <\/p>\n<p><a class=\"more-link btn\" href=\"https:\/\/lamendigapolitica.com\/?p=38807\">Seguir leyendo<\/a><\/p>\n","protected":false},"author":1,"featured_media":0,"comment_status":"open","ping_status":"closed","sticky":false,"template":"","format":"standard","meta":{"footnotes":""},"categories":[20,31,3,27],"tags":[],"class_list":["post-38807","post","type-post","status-publish","format-standard","hentry","category-gobierno","category-internacional","category-politica","category-seguridad","item-wrap"],"_links":{"self":[{"href":"https:\/\/lamendigapolitica.com\/index.php?rest_route=\/wp\/v2\/posts\/38807","targetHints":{"allow":["GET"]}}],"collection":[{"href":"https:\/\/lamendigapolitica.com\/index.php?rest_route=\/wp\/v2\/posts"}],"about":[{"href":"https:\/\/lamendigapolitica.com\/index.php?rest_route=\/wp\/v2\/types\/post"}],"author":[{"embeddable":true,"href":"https:\/\/lamendigapolitica.com\/index.php?rest_route=\/wp\/v2\/users\/1"}],"replies":[{"embeddable":true,"href":"https:\/\/lamendigapolitica.com\/index.php?rest_route=%2Fwp%2Fv2%2Fcomments&post=38807"}],"version-history":[{"count":2,"href":"https:\/\/lamendigapolitica.com\/index.php?rest_route=\/wp\/v2\/posts\/38807\/revisions"}],"predecessor-version":[{"id":38810,"href":"https:\/\/lamendigapolitica.com\/index.php?rest_route=\/wp\/v2\/posts\/38807\/revisions\/38810"}],"wp:attachment":[{"href":"https:\/\/lamendigapolitica.com\/index.php?rest_route=%2Fwp%2Fv2%2Fmedia&parent=38807"}],"wp:term":[{"taxonomy":"category","embeddable":true,"href":"https:\/\/lamendigapolitica.com\/index.php?rest_route=%2Fwp%2Fv2%2Fcategories&post=38807"},{"taxonomy":"post_tag","embeddable":true,"href":"https:\/\/lamendigapolitica.com\/index.php?rest_route=%2Fwp%2Fv2%2Ftags&post=38807"}],"curies":[{"name":"wp","href":"https:\/\/api.w.org\/{rel}","templated":true}]}}