{"id":38801,"date":"2016-07-22T10:10:42","date_gmt":"2016-07-22T15:10:42","guid":{"rendered":"http:\/\/lamendigapolitica.com\/blog\/?p=38801"},"modified":"2016-07-22T10:10:42","modified_gmt":"2016-07-22T15:10:42","slug":"enfermedades-podrian-enviar-a-don-neto-a-casa","status":"publish","type":"post","link":"https:\/\/lamendigapolitica.com\/?p=38801","title":{"rendered":"Enfermedades podr\u00edan enviar a \u201cDon Neto\u201d a casa"},"content":{"rendered":"<p><a href=\"https:\/\/lamendigapolitica.com\/blog\/blog\/wp-content\/uploads\/2016\/07\/don-tep.jpg\" rel=\"attachment wp-att-38802\"><img loading=\"lazy\" decoding=\"async\" class=\"aligncenter  wp-image-38802\" src=\"https:\/\/lamendigapolitica.com\/blog\/blog\/wp-content\/uploads\/2016\/07\/don-tep.jpg\" alt=\"don tep\" width=\"346\" height=\"259\" \/><\/a><\/p>\n<p>&nbsp;<\/p>\n<p>En las pr\u00f3ximas horas podr\u00edan cambiar de prisi\u00f3n a Ernesto Fonseca Carrillo \u201cDon Neto\u201d, esto por razones de seguridad seg\u00fan informa hoy SinEmbargo, que se\u00f1ala que el Comisionado del \u00d3rgano Administrativo Desconcentrado Prevenci\u00f3n y Readaptaci\u00f3n Social (OADPRS), Eduardo Guerrero Dur\u00e1n, recibi\u00f3 la orden de cambiar la pena de prisi\u00f3n por una medida de seguridad de confinamiento ordenado por un juez federal de Jalisco a favor del narcotraficante<\/p>\n<p>&nbsp;<\/p>\n<p>La familia del fundador del antiguo C\u00e1rtel de Guadalajara, dio a conocer lo anterior pero aun no queda claro cual podr\u00eda ser el destino del narcotraficante quien pudiera ser enviado casa debido a los m\u00faltiples padecimientos que presenta, \u201cel reo padece de \u201cruptura de supraespinoso derecho vs pinzamiento subracomial\u201d se lee en el documento enviado a los familiares del octagenario narco, se\u00f1alando los fuertes dolores que el capo presenta desde hace dos meses en su brazo derecho al grado de no poder moverlo ni realizar actividades b\u00e1sicas, lo que contribuy\u00f3 ha que fuera ordenada su excarcelaci\u00f3n.<\/p>\n","protected":false},"excerpt":{"rendered":"<p>&nbsp; En las pr\u00f3ximas horas podr\u00edan cambiar de prisi\u00f3n a Ernesto Fonseca Carrillo \u201cDon Neto\u201d, esto por razones de seguridad seg\u00fan informa hoy SinEmbargo, que se\u00f1ala que el Comisionado del \u00d3rgano Administrativo Desconcentrado Prevenci\u00f3n y Readaptaci\u00f3n Social (OADPRS), Eduardo Guerrero Dur\u00e1n, recibi\u00f3 la orden de cambiar la pena de prisi\u00f3n por una medida de seguridad &hellip; <\/p>\n<p><a class=\"more-link btn\" href=\"https:\/\/lamendigapolitica.com\/?p=38801\">Seguir leyendo<\/a><\/p>\n","protected":false},"author":1,"featured_media":0,"comment_status":"open","ping_status":"closed","sticky":false,"template":"","format":"standard","meta":{"footnotes":""},"categories":[6,20,5,3,27],"tags":[],"class_list":["post-38801","post","type-post","status-publish","format-standard","hentry","category-congreso","category-gobierno","category-partidos","category-politica","category-seguridad","item-wrap"],"_links":{"self":[{"href":"https:\/\/lamendigapolitica.com\/index.php?rest_route=\/wp\/v2\/posts\/38801","targetHints":{"allow":["GET"]}}],"collection":[{"href":"https:\/\/lamendigapolitica.com\/index.php?rest_route=\/wp\/v2\/posts"}],"about":[{"href":"https:\/\/lamendigapolitica.com\/index.php?rest_route=\/wp\/v2\/types\/post"}],"author":[{"embeddable":true,"href":"https:\/\/lamendigapolitica.com\/index.php?rest_route=\/wp\/v2\/users\/1"}],"replies":[{"embeddable":true,"href":"https:\/\/lamendigapolitica.com\/index.php?rest_route=%2Fwp%2Fv2%2Fcomments&post=38801"}],"version-history":[{"count":1,"href":"https:\/\/lamendigapolitica.com\/index.php?rest_route=\/wp\/v2\/posts\/38801\/revisions"}],"predecessor-version":[{"id":38803,"href":"https:\/\/lamendigapolitica.com\/index.php?rest_route=\/wp\/v2\/posts\/38801\/revisions\/38803"}],"wp:attachment":[{"href":"https:\/\/lamendigapolitica.com\/index.php?rest_route=%2Fwp%2Fv2%2Fmedia&parent=38801"}],"wp:term":[{"taxonomy":"category","embeddable":true,"href":"https:\/\/lamendigapolitica.com\/index.php?rest_route=%2Fwp%2Fv2%2Fcategories&post=38801"},{"taxonomy":"post_tag","embeddable":true,"href":"https:\/\/lamendigapolitica.com\/index.php?rest_route=%2Fwp%2Fv2%2Ftags&post=38801"}],"curies":[{"name":"wp","href":"https:\/\/api.w.org\/{rel}","templated":true}]}}