{"id":38798,"date":"2016-07-22T09:43:49","date_gmt":"2016-07-22T14:43:49","guid":{"rendered":"http:\/\/lamendigapolitica.com\/blog\/?p=38798"},"modified":"2016-07-22T09:43:49","modified_gmt":"2016-07-22T14:43:49","slug":"brasil-frustra-un-ataque-terrorista","status":"publish","type":"post","link":"https:\/\/lamendigapolitica.com\/?p=38798","title":{"rendered":"Brasil frustra un ataque terrorista"},"content":{"rendered":"<p><a href=\"https:\/\/lamendigapolitica.com\/blog\/blog\/wp-content\/uploads\/2016\/07\/frustra.jpg\" rel=\"attachment wp-att-38799\"><img loading=\"lazy\" decoding=\"async\" class=\"aligncenter  wp-image-38799\" src=\"https:\/\/lamendigapolitica.com\/blog\/blog\/wp-content\/uploads\/2016\/07\/frustra.jpg\" alt=\"frustra\" width=\"412\" height=\"294\" \/><\/a><\/p>\n<p>Brasil detuvo a 10 personas en una decena de estados del pa\u00eds por integrar una \u201cc\u00e9lula amateur\u201d vinculada al Estado Isl\u00e1mico, y que planeaba actos terroristas para ser ejecutados durante los Juegos Ol\u00edmpicos de R\u00edo de Janeiro.<\/p>\n<p>&nbsp;<\/p>\n<p>Adem\u00e1s de los detenidos, otras dos personas son buscadas por integrar ese grupo, cuyos miembros \u201cno se conoc\u00edan todos personalmente y se comunicaban por mensajes de WhatsApp y Telegram\u201d, revel\u00f3 el ministro de Justicia brasile\u00f1o, Alexandre de Moraes. El grupo era vigilado por la polic\u00eda federal brasile\u00f1a al menos desde abril, cuando fueron detectados en las aplicaciones mensajes sobre el Estado Isl\u00e1mico y felicit\u00e1ndose por los recientes ataques en Orlando, Florida, y Par\u00eds.<\/p>\n<p>&nbsp;<\/p>\n<p>Varios de los miembros del grupo hab\u00edan \u201cjurado lealtad\u201d al Estado Isl\u00e1mico a trav\u00e9s de internet y estaban planeando adquirir armas autom\u00e1ticas como AK-47 en Paraguay, para llevar a cabo eventuales ataques durante los Juegos Ol\u00edmpicos, dijo el ministro. La operaci\u00f3n, en la que participaron agencias de inteligencia internacionales con intercambio de informaci\u00f3n, se produce apenas a 15 d\u00edas del inicio de los Juegos Ol\u00edmpicos y pocos d\u00edas despu\u00e9s del atentado de Niza, Francia.<\/p>\n<p>&nbsp;<\/p>\n<p>De Moraes explic\u00f3 que se trataba de una \u201cc\u00e9lula amateur\u201d integrada por brasile\u00f1os sin contacto personal con miembros del Estado Isl\u00e1mico y, en el caso de dos de los 10 detenidos, con antecedentes criminales por homicidio que les hizo cumplir seis a\u00f1os en prisi\u00f3n. \u201cSe han decomisado computadoras, equipos y celulares. Vamos a verificar si hay ramificaciones o no. La prioridad es total y toda informaci\u00f3n nueva ser\u00e1 anunciada\u201d, dijo De Moraes.<\/p>\n<p>&nbsp;<\/p>\n","protected":false},"excerpt":{"rendered":"<p>Brasil detuvo a 10 personas en una decena de estados del pa\u00eds por integrar una \u201cc\u00e9lula amateur\u201d vinculada al Estado Isl\u00e1mico, y que planeaba actos terroristas para ser ejecutados durante los Juegos Ol\u00edmpicos de R\u00edo de Janeiro. &nbsp; Adem\u00e1s de los detenidos, otras dos personas son buscadas por integrar ese grupo, cuyos miembros \u201cno se &hellip; <\/p>\n<p><a class=\"more-link btn\" href=\"https:\/\/lamendigapolitica.com\/?p=38798\">Seguir leyendo<\/a><\/p>\n","protected":false},"author":1,"featured_media":0,"comment_status":"open","ping_status":"closed","sticky":false,"template":"","format":"standard","meta":{"footnotes":""},"categories":[6,20,31,3,27],"tags":[],"class_list":["post-38798","post","type-post","status-publish","format-standard","hentry","category-congreso","category-gobierno","category-internacional","category-politica","category-seguridad","item-wrap"],"_links":{"self":[{"href":"https:\/\/lamendigapolitica.com\/index.php?rest_route=\/wp\/v2\/posts\/38798","targetHints":{"allow":["GET"]}}],"collection":[{"href":"https:\/\/lamendigapolitica.com\/index.php?rest_route=\/wp\/v2\/posts"}],"about":[{"href":"https:\/\/lamendigapolitica.com\/index.php?rest_route=\/wp\/v2\/types\/post"}],"author":[{"embeddable":true,"href":"https:\/\/lamendigapolitica.com\/index.php?rest_route=\/wp\/v2\/users\/1"}],"replies":[{"embeddable":true,"href":"https:\/\/lamendigapolitica.com\/index.php?rest_route=%2Fwp%2Fv2%2Fcomments&post=38798"}],"version-history":[{"count":1,"href":"https:\/\/lamendigapolitica.com\/index.php?rest_route=\/wp\/v2\/posts\/38798\/revisions"}],"predecessor-version":[{"id":38800,"href":"https:\/\/lamendigapolitica.com\/index.php?rest_route=\/wp\/v2\/posts\/38798\/revisions\/38800"}],"wp:attachment":[{"href":"https:\/\/lamendigapolitica.com\/index.php?rest_route=%2Fwp%2Fv2%2Fmedia&parent=38798"}],"wp:term":[{"taxonomy":"category","embeddable":true,"href":"https:\/\/lamendigapolitica.com\/index.php?rest_route=%2Fwp%2Fv2%2Fcategories&post=38798"},{"taxonomy":"post_tag","embeddable":true,"href":"https:\/\/lamendigapolitica.com\/index.php?rest_route=%2Fwp%2Fv2%2Ftags&post=38798"}],"curies":[{"name":"wp","href":"https:\/\/api.w.org\/{rel}","templated":true}]}}