{"id":38795,"date":"2016-07-22T09:42:35","date_gmt":"2016-07-22T14:42:35","guid":{"rendered":"http:\/\/lamendigapolitica.com\/blog\/?p=38795"},"modified":"2016-07-22T09:42:35","modified_gmt":"2016-07-22T14:42:35","slug":"simpatizante-de-donald-trump-emula-saludo-nazi","status":"publish","type":"post","link":"https:\/\/lamendigapolitica.com\/?p=38795","title":{"rendered":"Simpatizante de Donald Trump emula saludo nazi"},"content":{"rendered":"<p><a href=\"https:\/\/lamendigapolitica.com\/blog\/blog\/wp-content\/uploads\/2016\/07\/saludo.jpg\" rel=\"attachment wp-att-38796\"><img loading=\"lazy\" decoding=\"async\" class=\"aligncenter  wp-image-38796\" src=\"https:\/\/lamendigapolitica.com\/blog\/blog\/wp-content\/uploads\/2016\/07\/saludo.jpg\" alt=\"saludo\" width=\"362\" height=\"217\" \/><\/a><\/p>\n<p>&nbsp;<\/p>\n<p>Durante la Convenci\u00f3n Republicana en Cleveland, Ohio, al concluir su turno frente al micr\u00f3fono, la comunicadora Laura Ingraham sorprendi\u00f3 al levantar su brazo derecho, de manera similar al saludo nazi. Durante su participaci\u00f3n, la simpatizante de Donald Trump, llam\u00f3\u00a0 a \u201cregresar el poder a la gente\u201d y elegir al empresario como el pr\u00f3ximo presidente de los Estado unidos.<\/p>\n<p>&nbsp;<\/p>\n<p>\u00abDios los bendiga y dios bendiga a los Estados Unidos de Am\u00e9rica\u00bb, fueron sus \u00faltimas palabras de la locutora de radio antes de realizar el movimiento utilizado por Adolfo Hitler y Benito Mussolini, durante sus gobiernos fascistas; aunque instantes despu\u00e9s cambi\u00f3 la postura y se despidi\u00f3 de los presentes con la palma de la mano abierta.<\/p>\n<p>&nbsp;<\/p>\n<p>Ante los se\u00f1alamientos en su contra, Laura Ingraham descart\u00f3 tener nexos o simpat\u00eda con dicha ideolog\u00eda de ultraderecha, que estuvo involucrada en la segunda guerra mundial. Incluso, en su cuenta de Twitter public\u00f3 una serie de im\u00e1genes donde muestra a la candidata dem\u00f3crata, Hillary Clinton, con la misma posici\u00f3n de su brazo.<\/p>\n","protected":false},"excerpt":{"rendered":"<p>&nbsp; Durante la Convenci\u00f3n Republicana en Cleveland, Ohio, al concluir su turno frente al micr\u00f3fono, la comunicadora Laura Ingraham sorprendi\u00f3 al levantar su brazo derecho, de manera similar al saludo nazi. Durante su participaci\u00f3n, la simpatizante de Donald Trump, llam\u00f3\u00a0 a \u201cregresar el poder a la gente\u201d y elegir al empresario como el pr\u00f3ximo presidente &hellip; <\/p>\n<p><a class=\"more-link btn\" href=\"https:\/\/lamendigapolitica.com\/?p=38795\">Seguir leyendo<\/a><\/p>\n","protected":false},"author":1,"featured_media":0,"comment_status":"open","ping_status":"closed","sticky":false,"template":"","format":"standard","meta":{"footnotes":""},"categories":[6,20,5,3],"tags":[],"class_list":["post-38795","post","type-post","status-publish","format-standard","hentry","category-congreso","category-gobierno","category-partidos","category-politica","item-wrap"],"_links":{"self":[{"href":"https:\/\/lamendigapolitica.com\/index.php?rest_route=\/wp\/v2\/posts\/38795","targetHints":{"allow":["GET"]}}],"collection":[{"href":"https:\/\/lamendigapolitica.com\/index.php?rest_route=\/wp\/v2\/posts"}],"about":[{"href":"https:\/\/lamendigapolitica.com\/index.php?rest_route=\/wp\/v2\/types\/post"}],"author":[{"embeddable":true,"href":"https:\/\/lamendigapolitica.com\/index.php?rest_route=\/wp\/v2\/users\/1"}],"replies":[{"embeddable":true,"href":"https:\/\/lamendigapolitica.com\/index.php?rest_route=%2Fwp%2Fv2%2Fcomments&post=38795"}],"version-history":[{"count":1,"href":"https:\/\/lamendigapolitica.com\/index.php?rest_route=\/wp\/v2\/posts\/38795\/revisions"}],"predecessor-version":[{"id":38797,"href":"https:\/\/lamendigapolitica.com\/index.php?rest_route=\/wp\/v2\/posts\/38795\/revisions\/38797"}],"wp:attachment":[{"href":"https:\/\/lamendigapolitica.com\/index.php?rest_route=%2Fwp%2Fv2%2Fmedia&parent=38795"}],"wp:term":[{"taxonomy":"category","embeddable":true,"href":"https:\/\/lamendigapolitica.com\/index.php?rest_route=%2Fwp%2Fv2%2Fcategories&post=38795"},{"taxonomy":"post_tag","embeddable":true,"href":"https:\/\/lamendigapolitica.com\/index.php?rest_route=%2Fwp%2Fv2%2Ftags&post=38795"}],"curies":[{"name":"wp","href":"https:\/\/api.w.org\/{rel}","templated":true}]}}