{"id":38789,"date":"2016-07-22T09:15:46","date_gmt":"2016-07-22T14:15:46","guid":{"rendered":"http:\/\/lamendigapolitica.com\/blog\/?p=38789"},"modified":"2016-07-22T09:15:46","modified_gmt":"2016-07-22T14:15:46","slug":"frank-puede-convertirse-en-huracan-el-sabado","status":"publish","type":"post","link":"https:\/\/lamendigapolitica.com\/?p=38789","title":{"rendered":"Frank puede convertirse en hurac\u00e1n el s\u00e1bado"},"content":{"rendered":"<p><a href=\"https:\/\/lamendigapolitica.com\/blog\/blog\/wp-content\/uploads\/2016\/07\/frank.jpg\" rel=\"attachment wp-att-38790\"><img loading=\"lazy\" decoding=\"async\" class=\"aligncenter  wp-image-38790\" src=\"https:\/\/lamendigapolitica.com\/blog\/blog\/wp-content\/uploads\/2016\/07\/frank.jpg\" alt=\"frank\" width=\"344\" height=\"279\" \/><\/a><\/p>\n<p>&nbsp;<\/p>\n<p>La tormenta tropical Frank, ubicado al sur de las costas de Colima y Jalisco, contin\u00faa intensific\u00e1ndose y podr\u00eda alcanzar la categor\u00eda de hurac\u00e1n 1 en la escala Saffir\u2013Simpson este s\u00e1bado, inform\u00f3 el Servicio Meteorol\u00f3gico Nacional (SMN).<\/p>\n<p>&nbsp;<\/p>\n<p>Esta ma\u00f1ana, el fen\u00f3meno clim\u00e1tico se localiz\u00f3 aproximadamente a 345 kil\u00f3metros al suroeste de Manzanillo, Colima, y a 340 kil\u00f3metros al sur-suroeste de Playa Perula, Jalisco. Frank se desplaza hacia el noroeste a 19 kil\u00f3metros por hora, vientos m\u00e1ximos sostenidos de 85 kil\u00f3metros por hora y rachas de hasta 100 kil\u00f3metros por hora.<\/p>\n<p>&nbsp;<\/p>\n<p>Su presencia en el Pac\u00edfico ocasionar\u00e1 lluvias intensas en Jalisco, Colima, Michoac\u00e1n y Guerrero; muy fuertes en Nayarit, e intervalos de chubascos con tormentas puntuales fuertes en Sinaloa, adem\u00e1s de oleaje elevado. De acuerdo con el pron\u00f3stico, se espera que este s\u00e1bado se ubique aproximadamente a 50 kil\u00f3metros al este-noreste de Isla Socorro, Colima, y a 430 kil\u00f3metros al sur de Los Cabos, Baja California Sur, como hurac\u00e1n.<\/p>\n<p>&nbsp;<\/p>\n<p>Por otro lado, lejos de costas nacionales y sin causar efectos en el pa\u00eds, se encuentra la depresi\u00f3n tropical 8-E a mil 390 km al sur-suroeste de Cabo San Lucas con desplazamiento al oeste-noroeste a 20 km\/h, vientos m\u00e1ximos sostenidos de 55 kil\u00f3metros por hora y rachas de hasta 75 kil\u00f3metros por hora<\/p>\n","protected":false},"excerpt":{"rendered":"<p>&nbsp; La tormenta tropical Frank, ubicado al sur de las costas de Colima y Jalisco, contin\u00faa intensific\u00e1ndose y podr\u00eda alcanzar la categor\u00eda de hurac\u00e1n 1 en la escala Saffir\u2013Simpson este s\u00e1bado, inform\u00f3 el Servicio Meteorol\u00f3gico Nacional (SMN). &nbsp; Esta ma\u00f1ana, el fen\u00f3meno clim\u00e1tico se localiz\u00f3 aproximadamente a 345 kil\u00f3metros al suroeste de Manzanillo, Colima, y &hellip; <\/p>\n<p><a class=\"more-link btn\" href=\"https:\/\/lamendigapolitica.com\/?p=38789\">Seguir leyendo<\/a><\/p>\n","protected":false},"author":1,"featured_media":0,"comment_status":"open","ping_status":"closed","sticky":false,"template":"","format":"standard","meta":{"footnotes":""},"categories":[20,27,22],"tags":[],"class_list":["post-38789","post","type-post","status-publish","format-standard","hentry","category-gobierno","category-seguridad","category-sociales","item-wrap"],"_links":{"self":[{"href":"https:\/\/lamendigapolitica.com\/index.php?rest_route=\/wp\/v2\/posts\/38789","targetHints":{"allow":["GET"]}}],"collection":[{"href":"https:\/\/lamendigapolitica.com\/index.php?rest_route=\/wp\/v2\/posts"}],"about":[{"href":"https:\/\/lamendigapolitica.com\/index.php?rest_route=\/wp\/v2\/types\/post"}],"author":[{"embeddable":true,"href":"https:\/\/lamendigapolitica.com\/index.php?rest_route=\/wp\/v2\/users\/1"}],"replies":[{"embeddable":true,"href":"https:\/\/lamendigapolitica.com\/index.php?rest_route=%2Fwp%2Fv2%2Fcomments&post=38789"}],"version-history":[{"count":1,"href":"https:\/\/lamendigapolitica.com\/index.php?rest_route=\/wp\/v2\/posts\/38789\/revisions"}],"predecessor-version":[{"id":38791,"href":"https:\/\/lamendigapolitica.com\/index.php?rest_route=\/wp\/v2\/posts\/38789\/revisions\/38791"}],"wp:attachment":[{"href":"https:\/\/lamendigapolitica.com\/index.php?rest_route=%2Fwp%2Fv2%2Fmedia&parent=38789"}],"wp:term":[{"taxonomy":"category","embeddable":true,"href":"https:\/\/lamendigapolitica.com\/index.php?rest_route=%2Fwp%2Fv2%2Fcategories&post=38789"},{"taxonomy":"post_tag","embeddable":true,"href":"https:\/\/lamendigapolitica.com\/index.php?rest_route=%2Fwp%2Fv2%2Ftags&post=38789"}],"curies":[{"name":"wp","href":"https:\/\/api.w.org\/{rel}","templated":true}]}}