{"id":38780,"date":"2016-07-21T19:12:42","date_gmt":"2016-07-22T00:12:42","guid":{"rendered":"http:\/\/lamendigapolitica.com\/blog\/?p=38780"},"modified":"2016-07-21T19:12:42","modified_gmt":"2016-07-22T00:12:42","slug":"necesaria-mayor-participacion-de-municipios-en-politicas-por-la-ninez","status":"publish","type":"post","link":"https:\/\/lamendigapolitica.com\/?p=38780","title":{"rendered":"Necesaria mayor participaci\u00f3n de municipios en pol\u00edticas por la ni\u00f1ez"},"content":{"rendered":"<p><a href=\"https:\/\/lamendigapolitica.com\/blog\/blog\/wp-content\/uploads\/2016\/07\/28355689222_17886810c4_z.jpg\" rel=\"attachment wp-att-38781\"><img loading=\"lazy\" decoding=\"async\" class=\"aligncenter  wp-image-38781\" src=\"https:\/\/lamendigapolitica.com\/blog\/blog\/wp-content\/uploads\/2016\/07\/28355689222_17886810c4_z.jpg\" alt=\"28355689222_17886810c4_z\" width=\"396\" height=\"264\" srcset=\"https:\/\/lamendigapolitica.com\/wp-content\/uploads\/2016\/07\/28355689222_17886810c4_z.jpg 640w, https:\/\/lamendigapolitica.com\/wp-content\/uploads\/2016\/07\/28355689222_17886810c4_z-300x200.jpg 300w\" sizes=\"auto, (max-width: 396px) 100vw, 396px\" \/><\/a><\/p>\n<p>&nbsp;<\/p>\n<p>Aunque reconoci\u00f3 avances importantes en el tema de homologaci\u00f3n legislativa en favor de este sector de la poblaci\u00f3n, \u00a0el Gobernador Arist\u00f3teles Sandoval pidi\u00f3 mayor participaci\u00f3n de los municipios en las acciones preventivas y de atenci\u00f3n, esto es en el marco de la Segunda Sesi\u00f3n Ordinaria del Sistema de Protecci\u00f3n Integral de Ni\u00f1as, Ni\u00f1os y Adolescentes del Estado de Jalisco,<\/p>\n<p>&nbsp;<\/p>\n<p>Hizo un llamado para que a la brevedad se integre una comisi\u00f3n municipal \u201cporque ah\u00ed es donde est\u00e1 el problema finalmente, en los municipios, ah\u00ed es donde debemos de empezar a atender la prevenci\u00f3n, por supuesto en el tema de acceso a la salud, a educaci\u00f3n, a vivir una vida sin violencia\u201d, sostuvo Sandoval al instruir al secretario Ejecutivo a reforzar el trabajo en las cabeceras municipales.<\/p>\n<p>&nbsp;<\/p>\n<p>Record\u00f3 que la entidad tiene un trabajo sin precedentes en este tema con la creaci\u00f3n de la Procuradur\u00eda de Protecci\u00f3n de Ni\u00f1as, Ni\u00f1os y Adolescentes del Estado de Jalisco, y el proyecto de Ciudad Ni\u00f1ez, donde se han atendido a m\u00e1s de 17 mil ni\u00f1as, ni\u00f1os y adolescentes, cifra a la cual se suman los apoyos jur\u00eddicos por situaciones especiales. \u00a0\u201cse ha dado atenci\u00f3n a 488 casos reportados, 45 por abuso sexual, y 443 por maltrato, en lo que se ha visto afectado a 885 menores. Es decir, que tan s\u00f3lo en medio a\u00f1o hemos atendido a m\u00e1s casos de los reportados en todo el a\u00f1o 2015\u201d, sostuvo Arist\u00f3teles.<\/p>\n<p>&nbsp;<\/p>\n<p>En el acto se cont\u00f3 con la participaci\u00f3n de la representante de UNICEF en M\u00e9xico, Isabela Crowly, quien de manera paralela inaugur\u00f3 una exposici\u00f3n en la Sala Temporal del Museo de Palacio de Gobierno, la cual se titula \u201c70 a\u00f1os cambiando vidas\u201d. \u00a0Tambi\u00e9n participaron en esta segunda sesi\u00f3n la presidenta del Sistema DIF Jalisco, Lorena Jassibe Arriaga de Sandoval; representes de organismos como Derechos Humanos, acad\u00e9micos y secretarios del Gobierno de Jalisco.<\/p>\n","protected":false},"excerpt":{"rendered":"<p>&nbsp; Aunque reconoci\u00f3 avances importantes en el tema de homologaci\u00f3n legislativa en favor de este sector de la poblaci\u00f3n, \u00a0el Gobernador Arist\u00f3teles Sandoval pidi\u00f3 mayor participaci\u00f3n de los municipios en las acciones preventivas y de atenci\u00f3n, esto es en el marco de la Segunda Sesi\u00f3n Ordinaria del Sistema de Protecci\u00f3n Integral de Ni\u00f1as, Ni\u00f1os y &hellip; <\/p>\n<p><a class=\"more-link btn\" href=\"https:\/\/lamendigapolitica.com\/?p=38780\">Seguir leyendo<\/a><\/p>\n","protected":false},"author":1,"featured_media":0,"comment_status":"open","ping_status":"closed","sticky":false,"template":"","format":"standard","meta":{"footnotes":""},"categories":[6,30,28,20,5,3,29,27,22],"tags":[],"class_list":["post-38780","post","type-post","status-publish","format-standard","hentry","category-congreso","category-economia","category-educacion","category-gobierno","category-partidos","category-politica","category-salud","category-seguridad","category-sociales","item-wrap"],"_links":{"self":[{"href":"https:\/\/lamendigapolitica.com\/index.php?rest_route=\/wp\/v2\/posts\/38780","targetHints":{"allow":["GET"]}}],"collection":[{"href":"https:\/\/lamendigapolitica.com\/index.php?rest_route=\/wp\/v2\/posts"}],"about":[{"href":"https:\/\/lamendigapolitica.com\/index.php?rest_route=\/wp\/v2\/types\/post"}],"author":[{"embeddable":true,"href":"https:\/\/lamendigapolitica.com\/index.php?rest_route=\/wp\/v2\/users\/1"}],"replies":[{"embeddable":true,"href":"https:\/\/lamendigapolitica.com\/index.php?rest_route=%2Fwp%2Fv2%2Fcomments&post=38780"}],"version-history":[{"count":1,"href":"https:\/\/lamendigapolitica.com\/index.php?rest_route=\/wp\/v2\/posts\/38780\/revisions"}],"predecessor-version":[{"id":38782,"href":"https:\/\/lamendigapolitica.com\/index.php?rest_route=\/wp\/v2\/posts\/38780\/revisions\/38782"}],"wp:attachment":[{"href":"https:\/\/lamendigapolitica.com\/index.php?rest_route=%2Fwp%2Fv2%2Fmedia&parent=38780"}],"wp:term":[{"taxonomy":"category","embeddable":true,"href":"https:\/\/lamendigapolitica.com\/index.php?rest_route=%2Fwp%2Fv2%2Fcategories&post=38780"},{"taxonomy":"post_tag","embeddable":true,"href":"https:\/\/lamendigapolitica.com\/index.php?rest_route=%2Fwp%2Fv2%2Ftags&post=38780"}],"curies":[{"name":"wp","href":"https:\/\/api.w.org\/{rel}","templated":true}]}}