{"id":38777,"date":"2016-07-21T19:10:29","date_gmt":"2016-07-22T00:10:29","guid":{"rendered":"http:\/\/lamendigapolitica.com\/blog\/?p=38777"},"modified":"2016-07-21T19:10:29","modified_gmt":"2016-07-22T00:10:29","slug":"develan-aristoteles-y-placido-domingo-placa-por-aniversario-del-degollado","status":"publish","type":"post","link":"https:\/\/lamendigapolitica.com\/?p=38777","title":{"rendered":"Develan Arist\u00f3teles y Pl\u00e1cido Domingo placa por aniversario del Degollado"},"content":{"rendered":"<p><a href=\"https:\/\/lamendigapolitica.com\/blog\/blog\/wp-content\/uploads\/2016\/07\/28174177780_18e3ce4d1d_z.jpg\" rel=\"attachment wp-att-38778\"><img loading=\"lazy\" decoding=\"async\" class=\"aligncenter  wp-image-38778\" src=\"https:\/\/lamendigapolitica.com\/blog\/blog\/wp-content\/uploads\/2016\/07\/28174177780_18e3ce4d1d_z.jpg\" alt=\"28174177780_18e3ce4d1d_z\" width=\"392\" height=\"260\" srcset=\"https:\/\/lamendigapolitica.com\/wp-content\/uploads\/2016\/07\/28174177780_18e3ce4d1d_z.jpg 640w, https:\/\/lamendigapolitica.com\/wp-content\/uploads\/2016\/07\/28174177780_18e3ce4d1d_z-300x199.jpg 300w\" sizes=\"auto, (max-width: 392px) 100vw, 392px\" \/><\/a><\/p>\n<p>&nbsp;<\/p>\n<p>Dentro del marco del concurso de \u00f3pera Operalia el Gobernador del Estado, Arist\u00f3teles Sandoval, junto con el cantante Pl\u00e1cido Domingo, develaron la placa por el 150 aniversario del Teatro Degollado.<\/p>\n<p>&nbsp;<\/p>\n<p>El tenor dijo tener un cari\u00f1o especial con el Teatro Degollado ya que fue donde hizo su primera presentaci\u00f3n, por lo que el Mandatario le expres\u00f3 que tanto el recinto como la ciudad de Guadalajara siempre ser\u00e1n su casa.<\/p>\n<p>&nbsp;<\/p>\n<p>Operalia 2016 es un concurso mundial de \u00f3pera organizado por Pl\u00e1cido Domingo. En su regreso a M\u00e9xico, despu\u00e9s de 22 a\u00f1os de haberse celebrado en el pa\u00eds, esta competencia se realiza en el Teatro Degollado desde el 19 de julio y hasta el pr\u00f3ximo domingo 24 de este mes.<\/p>\n","protected":false},"excerpt":{"rendered":"<p>&nbsp; Dentro del marco del concurso de \u00f3pera Operalia el Gobernador del Estado, Arist\u00f3teles Sandoval, junto con el cantante Pl\u00e1cido Domingo, develaron la placa por el 150 aniversario del Teatro Degollado. &nbsp; El tenor dijo tener un cari\u00f1o especial con el Teatro Degollado ya que fue donde hizo su primera presentaci\u00f3n, por lo que el &hellip; <\/p>\n<p><a class=\"more-link btn\" href=\"https:\/\/lamendigapolitica.com\/?p=38777\">Seguir leyendo<\/a><\/p>\n","protected":false},"author":1,"featured_media":0,"comment_status":"open","ping_status":"closed","sticky":false,"template":"","format":"standard","meta":{"footnotes":""},"categories":[26,28,20,5,3,22],"tags":[],"class_list":["post-38777","post","type-post","status-publish","format-standard","hentry","category-cultura","category-educacion","category-gobierno","category-partidos","category-politica","category-sociales","item-wrap"],"_links":{"self":[{"href":"https:\/\/lamendigapolitica.com\/index.php?rest_route=\/wp\/v2\/posts\/38777","targetHints":{"allow":["GET"]}}],"collection":[{"href":"https:\/\/lamendigapolitica.com\/index.php?rest_route=\/wp\/v2\/posts"}],"about":[{"href":"https:\/\/lamendigapolitica.com\/index.php?rest_route=\/wp\/v2\/types\/post"}],"author":[{"embeddable":true,"href":"https:\/\/lamendigapolitica.com\/index.php?rest_route=\/wp\/v2\/users\/1"}],"replies":[{"embeddable":true,"href":"https:\/\/lamendigapolitica.com\/index.php?rest_route=%2Fwp%2Fv2%2Fcomments&post=38777"}],"version-history":[{"count":1,"href":"https:\/\/lamendigapolitica.com\/index.php?rest_route=\/wp\/v2\/posts\/38777\/revisions"}],"predecessor-version":[{"id":38779,"href":"https:\/\/lamendigapolitica.com\/index.php?rest_route=\/wp\/v2\/posts\/38777\/revisions\/38779"}],"wp:attachment":[{"href":"https:\/\/lamendigapolitica.com\/index.php?rest_route=%2Fwp%2Fv2%2Fmedia&parent=38777"}],"wp:term":[{"taxonomy":"category","embeddable":true,"href":"https:\/\/lamendigapolitica.com\/index.php?rest_route=%2Fwp%2Fv2%2Fcategories&post=38777"},{"taxonomy":"post_tag","embeddable":true,"href":"https:\/\/lamendigapolitica.com\/index.php?rest_route=%2Fwp%2Fv2%2Ftags&post=38777"}],"curies":[{"name":"wp","href":"https:\/\/api.w.org\/{rel}","templated":true}]}}