{"id":38774,"date":"2016-07-21T19:09:09","date_gmt":"2016-07-22T00:09:09","guid":{"rendered":"http:\/\/lamendigapolitica.com\/blog\/?p=38774"},"modified":"2016-07-21T19:09:09","modified_gmt":"2016-07-22T00:09:09","slug":"aprueba-guadalajara-creacion-del-parlamento-metropolitano","status":"publish","type":"post","link":"https:\/\/lamendigapolitica.com\/?p=38774","title":{"rendered":"Aprueba Guadalajara creaci\u00f3n del Parlamento Metropolitano"},"content":{"rendered":"<p><a href=\"https:\/\/lamendigapolitica.com\/blog\/blog\/wp-content\/uploads\/2016\/07\/28176263650_289f27ecf2_z.jpg\" rel=\"attachment wp-att-38775\"><img loading=\"lazy\" decoding=\"async\" class=\"aligncenter  wp-image-38775\" src=\"https:\/\/lamendigapolitica.com\/blog\/blog\/wp-content\/uploads\/2016\/07\/28176263650_289f27ecf2_z.jpg\" alt=\"28176263650_289f27ecf2_z\" width=\"410\" height=\"275\" srcset=\"https:\/\/lamendigapolitica.com\/wp-content\/uploads\/2016\/07\/28176263650_289f27ecf2_z.jpg 640w, https:\/\/lamendigapolitica.com\/wp-content\/uploads\/2016\/07\/28176263650_289f27ecf2_z-300x201.jpg 300w\" sizes=\"auto, (max-width: 410px) 100vw, 410px\" \/><\/a><\/p>\n<p>&nbsp;<\/p>\n<p>Durante la sesi\u00f3n de la Comisi\u00f3n de Asuntos Metropolitanos del ayuntamiento de Guadalajara, se aprob\u00f3 el dictamen con car\u00e1cter de decreto correspondiente a la creaci\u00f3n de la Asociaci\u00f3n Municipal Metr\u00f3poli Guadalajara (Parlamento Metropolitano de Guadalajara), que estar\u00e1 integrado por los presidentes y regidores de nueve Ayuntamientos del \u00c1rea Metropolitana.<\/p>\n<p>&nbsp;<\/p>\n<p>Son tres temas los que se esperan poner plantear ante la Junta de Coordinaci\u00f3n Metropolitana: la firma del convenio de asociaci\u00f3n, la aceptaci\u00f3n de la iniciativa y determinen las personas que van a representar a su municipio en el parlamento\u201d, afirm\u00f3 el presidente de la Comisi\u00f3n de Asuntos Metropolitanos, regidor Alfonso Petersen Farah la intenci\u00f3n es \u201cgenerar una agenda que nos permita tener un \u00f3rgano de discusi\u00f3n con la representaci\u00f3n suficiente y equitativa de todos los ayuntamientos que integran el \u00c1rea Metropolitana de Guadalajara para que ah\u00ed se discutan los temas y se hagan llegar las iniciativas, previamente discutidas\u201d<\/p>\n<p>&nbsp;<\/p>\n<p>Este organismo, dijo integra funciones que le corresponde al Congreso del Estado, ni bloquea la responsabilidad que tiene la Junta de Coordinaci\u00f3n Metropolitana, \u201ces una asociaci\u00f3n inter municipal\u2026, es tener una forma mucho m\u00e1s \u00e1gil de discutir los temas y particularmente generar la confianza de los ayuntamientos\u201d.<\/p>\n<p>&nbsp;<\/p>\n<p>Cabe se\u00f1alar que faltar\u00eda que cada uno de los dem\u00e1s ayuntamientos apruebe el convenio de asociaci\u00f3n inter-municipal y el acuerdo de vinculaci\u00f3n entre el parlamento metropolitano y los ayuntamientos y que estos designen los cinco ediles a representar en el parlamento y luego se formen las nueve comisiones parlamentarias descritas en el dictamen, para posteriormente analizar, discutir y aprobar los temas de inter\u00e9s que se planteen en cada comisi\u00f3n.<\/p>\n","protected":false},"excerpt":{"rendered":"<p>&nbsp; Durante la sesi\u00f3n de la Comisi\u00f3n de Asuntos Metropolitanos del ayuntamiento de Guadalajara, se aprob\u00f3 el dictamen con car\u00e1cter de decreto correspondiente a la creaci\u00f3n de la Asociaci\u00f3n Municipal Metr\u00f3poli Guadalajara (Parlamento Metropolitano de Guadalajara), que estar\u00e1 integrado por los presidentes y regidores de nueve Ayuntamientos del \u00c1rea Metropolitana. &nbsp; Son tres temas los &hellip; <\/p>\n<p><a class=\"more-link btn\" href=\"https:\/\/lamendigapolitica.com\/?p=38774\">Seguir leyendo<\/a><\/p>\n","protected":false},"author":1,"featured_media":0,"comment_status":"open","ping_status":"closed","sticky":false,"template":"","format":"standard","meta":{"footnotes":""},"categories":[6,30,20,5,3],"tags":[],"class_list":["post-38774","post","type-post","status-publish","format-standard","hentry","category-congreso","category-economia","category-gobierno","category-partidos","category-politica","item-wrap"],"_links":{"self":[{"href":"https:\/\/lamendigapolitica.com\/index.php?rest_route=\/wp\/v2\/posts\/38774","targetHints":{"allow":["GET"]}}],"collection":[{"href":"https:\/\/lamendigapolitica.com\/index.php?rest_route=\/wp\/v2\/posts"}],"about":[{"href":"https:\/\/lamendigapolitica.com\/index.php?rest_route=\/wp\/v2\/types\/post"}],"author":[{"embeddable":true,"href":"https:\/\/lamendigapolitica.com\/index.php?rest_route=\/wp\/v2\/users\/1"}],"replies":[{"embeddable":true,"href":"https:\/\/lamendigapolitica.com\/index.php?rest_route=%2Fwp%2Fv2%2Fcomments&post=38774"}],"version-history":[{"count":1,"href":"https:\/\/lamendigapolitica.com\/index.php?rest_route=\/wp\/v2\/posts\/38774\/revisions"}],"predecessor-version":[{"id":38776,"href":"https:\/\/lamendigapolitica.com\/index.php?rest_route=\/wp\/v2\/posts\/38774\/revisions\/38776"}],"wp:attachment":[{"href":"https:\/\/lamendigapolitica.com\/index.php?rest_route=%2Fwp%2Fv2%2Fmedia&parent=38774"}],"wp:term":[{"taxonomy":"category","embeddable":true,"href":"https:\/\/lamendigapolitica.com\/index.php?rest_route=%2Fwp%2Fv2%2Fcategories&post=38774"},{"taxonomy":"post_tag","embeddable":true,"href":"https:\/\/lamendigapolitica.com\/index.php?rest_route=%2Fwp%2Fv2%2Ftags&post=38774"}],"curies":[{"name":"wp","href":"https:\/\/api.w.org\/{rel}","templated":true}]}}