{"id":38741,"date":"2016-07-21T10:54:14","date_gmt":"2016-07-21T15:54:14","guid":{"rendered":"http:\/\/lamendigapolitica.com\/blog\/?p=38741"},"modified":"2016-07-21T10:54:14","modified_gmt":"2016-07-21T15:54:14","slug":"indignacion-por-la-decapitacion-de-un-nino-en-siria-2","status":"publish","type":"post","link":"https:\/\/lamendigapolitica.com\/?p=38741","title":{"rendered":"Indignaci\u00f3n por la decapitaci\u00f3n de un ni\u00f1o en Siria"},"content":{"rendered":"<p><a href=\"https:\/\/lamendigapolitica.com\/blog\/blog\/wp-content\/uploads\/2016\/07\/nio2.jpg\" rel=\"attachment wp-att-38742\"><img loading=\"lazy\" decoding=\"async\" class=\"aligncenter  wp-image-38742\" src=\"https:\/\/lamendigapolitica.com\/blog\/blog\/wp-content\/uploads\/2016\/07\/nio2.jpg\" alt=\"ni;o2\" width=\"382\" height=\"214\" \/><\/a><\/p>\n<p>&nbsp;<\/p>\n<p>Rebeldes sirios decapitaron a un ni\u00f1o de 12 a\u00f1os tras capturarlo en la norte\u00f1a ciudad de Alepo y acusarlo de pertenecer a las brigadas Al Quds, un grupo palestino que combate junto al r\u00e9gimen sirio, seg\u00fan muestran dos videos. Habitantes de la ciudad de Alepo y el principal grupo de la oposici\u00f3n siria expresaron su indignaci\u00f3n por la decapitaci\u00f3n del ni\u00f1o palestino y calificaron el hecho como un \u201cacto de odio\u201d.<\/p>\n<p>&nbsp;<\/p>\n<p>En el primer video, difundido en redes sociales, el peque\u00f1o \u2014hijo de una familia de refugiados palestinos\u2014 aparece sentado en lo que parece la parte trasera de una camioneta, rodeado de cinco combatientes. Ante la c\u00e1mara, los combatientes sostienen que el ni\u00f1o, identificado como Abdullah Issa, de 12 a\u00f1os de edad, forma parte de la Brigada Al Quds, una milicia integrada por refugiados palestinos y que combate junto al r\u00e9gimen del presidente Bashar al-Assad.<\/p>\n<p>&nbsp;<\/p>\n<p>\u201cEste es un prisionero de la Brigada Al Quds. No tienen hombres, as\u00ed que nos mandan ni\u00f1os\u201d, dice un miliciano. En el segundo video, uno de los presuntos insurgentes degolla con un cuchillo al menor, que estaba boca bajo en la parte trasera de la camioneta.<\/p>\n<p>&nbsp;<\/p>\n<p>Otro combatiente grita: \u201cNo dejaremos a nadie en Handarat\u201d, localidad situada al norte de Alepo donde se enfrentan los rebeldes y las fuerzas del r\u00e9gimen sirio, seg\u00fan la cadena \u00e1rabe Al Arabiya. El Observatorio Sirio de Derechos Humanos (OSDH) report\u00f3 que el ni\u00f1o fue capturado en el campo de refugiados palestinos de Handarat y decapitado en el barrio de Al Mashhad, controlado por los rebeldes.<\/p>\n","protected":false},"excerpt":{"rendered":"<p>&nbsp; Rebeldes sirios decapitaron a un ni\u00f1o de 12 a\u00f1os tras capturarlo en la norte\u00f1a ciudad de Alepo y acusarlo de pertenecer a las brigadas Al Quds, un grupo palestino que combate junto al r\u00e9gimen sirio, seg\u00fan muestran dos videos. Habitantes de la ciudad de Alepo y el principal grupo de la oposici\u00f3n siria expresaron &hellip; <\/p>\n<p><a class=\"more-link btn\" href=\"https:\/\/lamendigapolitica.com\/?p=38741\">Seguir leyendo<\/a><\/p>\n","protected":false},"author":1,"featured_media":0,"comment_status":"open","ping_status":"closed","sticky":false,"template":"","format":"standard","meta":{"footnotes":""},"categories":[30,20,3,21,27],"tags":[],"class_list":["post-38741","post","type-post","status-publish","format-standard","hentry","category-economia","category-gobierno","category-politica","category-religion","category-seguridad","item-wrap"],"_links":{"self":[{"href":"https:\/\/lamendigapolitica.com\/index.php?rest_route=\/wp\/v2\/posts\/38741","targetHints":{"allow":["GET"]}}],"collection":[{"href":"https:\/\/lamendigapolitica.com\/index.php?rest_route=\/wp\/v2\/posts"}],"about":[{"href":"https:\/\/lamendigapolitica.com\/index.php?rest_route=\/wp\/v2\/types\/post"}],"author":[{"embeddable":true,"href":"https:\/\/lamendigapolitica.com\/index.php?rest_route=\/wp\/v2\/users\/1"}],"replies":[{"embeddable":true,"href":"https:\/\/lamendigapolitica.com\/index.php?rest_route=%2Fwp%2Fv2%2Fcomments&post=38741"}],"version-history":[{"count":1,"href":"https:\/\/lamendigapolitica.com\/index.php?rest_route=\/wp\/v2\/posts\/38741\/revisions"}],"predecessor-version":[{"id":38743,"href":"https:\/\/lamendigapolitica.com\/index.php?rest_route=\/wp\/v2\/posts\/38741\/revisions\/38743"}],"wp:attachment":[{"href":"https:\/\/lamendigapolitica.com\/index.php?rest_route=%2Fwp%2Fv2%2Fmedia&parent=38741"}],"wp:term":[{"taxonomy":"category","embeddable":true,"href":"https:\/\/lamendigapolitica.com\/index.php?rest_route=%2Fwp%2Fv2%2Fcategories&post=38741"},{"taxonomy":"post_tag","embeddable":true,"href":"https:\/\/lamendigapolitica.com\/index.php?rest_route=%2Fwp%2Fv2%2Ftags&post=38741"}],"curies":[{"name":"wp","href":"https:\/\/api.w.org\/{rel}","templated":true}]}}