{"id":38732,"date":"2016-07-21T09:48:22","date_gmt":"2016-07-21T14:48:22","guid":{"rendered":"http:\/\/lamendigapolitica.com\/blog\/?p=38732"},"modified":"2016-07-21T09:48:22","modified_gmt":"2016-07-21T14:48:22","slug":"china-inicia-desaloja-y-derrumba-el-mayor-monasterio-del-tibet","status":"publish","type":"post","link":"https:\/\/lamendigapolitica.com\/?p=38732","title":{"rendered":"China inicia desaloja y derrumba el mayor monasterio del Tibet"},"content":{"rendered":"<p><a href=\"https:\/\/lamendigapolitica.com\/blog\/blog\/wp-content\/uploads\/2016\/07\/monasterio.jpg\" rel=\"attachment wp-att-38733\"><img loading=\"lazy\" decoding=\"async\" class=\"aligncenter  wp-image-38733\" src=\"https:\/\/lamendigapolitica.com\/blog\/blog\/wp-content\/uploads\/2016\/07\/monasterio.jpg\" alt=\"monasterio\" width=\"361\" height=\"203\" \/><\/a><\/p>\n<p>&nbsp;<\/p>\n<p>Acompa\u00f1ados de polic\u00edas, funcionarios gubernamentales y soldados vestidos de paisano, obreros chinos comenzaron la demolici\u00f3n del monasterio Larung Gar, el mayor del T\u00edbet y una de las mayores instituciones de ense\u00f1anza del budismo del mundo, denuncia hoy la organizaci\u00f3n Free Tibet en un comunicado.<\/p>\n<p>&nbsp;<\/p>\n<p>Las demoliciones comenzaron a primera hora de la ma\u00f1ana del mi\u00e9rcoles 20 de julio, meses antes de la fecha l\u00edmite prevista para el 30 de octubre, dada por las autoridades locales para que el monasterio redujera el n\u00famero de residentes en la instituci\u00f3n de 10 mil a 5 mil, asegura \u00a0la organizaci\u00f3n con sede en Londres. Las autoridades amenazaron con la demolici\u00f3n completa del monasterio si antes de ese 30 de octubre no se hab\u00eda reducido la poblaci\u00f3n de \u00e9ste a unos mil 500 monjes y 3 mil 500 monjas, como parte de un proceso de reestructuraci\u00f3n de centros budistas ordenado por el gobierno central chino.<\/p>\n<p>&nbsp;<\/p>\n<p>Fotos y videos publicados por Free Tibet muestran los primeros edificios destruidos de Larung Gar, un monasterio en la ladera de una remota monta\u00f1a rodeado de cientos de caba\u00f1as donde residen religiosos y seglares y que en su conjunto compone una espectacular estampa en el Techo del Mundo. \u201cEn este d\u00eda de destrucci\u00f3n del para\u00edso, el dolor de mi coraz\u00f3n viene desde lo m\u00e1s profundo, acompa\u00f1ado de l\u00e1grimas incesantes\u201d, se\u00f1al\u00f3 un ciudadano tibetano citado por Free Tibet, organizaci\u00f3n que conden\u00f3 en su comunicado la destrucci\u00f3n de edificios y los desalojos.<\/p>\n<p>&nbsp;<\/p>\n<p>Los funcionarios chinos justificaron la demolici\u00f3n por razones de seguridad, ya que seg\u00fan ellos la enorme concentraci\u00f3n de casas en esa zona monta\u00f1osa podr\u00eda causar peligro en los residentes, aunque estudiantes de Larung Gar subrayaron que esta justificaci\u00f3n no se usa en otras zonas de China tambi\u00e9n superpobladas.<\/p>\n","protected":false},"excerpt":{"rendered":"<p>&nbsp; Acompa\u00f1ados de polic\u00edas, funcionarios gubernamentales y soldados vestidos de paisano, obreros chinos comenzaron la demolici\u00f3n del monasterio Larung Gar, el mayor del T\u00edbet y una de las mayores instituciones de ense\u00f1anza del budismo del mundo, denuncia hoy la organizaci\u00f3n Free Tibet en un comunicado. &nbsp; Las demoliciones comenzaron a primera hora de la ma\u00f1ana &hellip; <\/p>\n<p><a class=\"more-link btn\" href=\"https:\/\/lamendigapolitica.com\/?p=38732\">Seguir leyendo<\/a><\/p>\n","protected":false},"author":1,"featured_media":0,"comment_status":"open","ping_status":"closed","sticky":false,"template":"","format":"standard","meta":{"footnotes":""},"categories":[20,31,3,21,27,22],"tags":[],"class_list":["post-38732","post","type-post","status-publish","format-standard","hentry","category-gobierno","category-internacional","category-politica","category-religion","category-seguridad","category-sociales","item-wrap"],"_links":{"self":[{"href":"https:\/\/lamendigapolitica.com\/index.php?rest_route=\/wp\/v2\/posts\/38732","targetHints":{"allow":["GET"]}}],"collection":[{"href":"https:\/\/lamendigapolitica.com\/index.php?rest_route=\/wp\/v2\/posts"}],"about":[{"href":"https:\/\/lamendigapolitica.com\/index.php?rest_route=\/wp\/v2\/types\/post"}],"author":[{"embeddable":true,"href":"https:\/\/lamendigapolitica.com\/index.php?rest_route=\/wp\/v2\/users\/1"}],"replies":[{"embeddable":true,"href":"https:\/\/lamendigapolitica.com\/index.php?rest_route=%2Fwp%2Fv2%2Fcomments&post=38732"}],"version-history":[{"count":1,"href":"https:\/\/lamendigapolitica.com\/index.php?rest_route=\/wp\/v2\/posts\/38732\/revisions"}],"predecessor-version":[{"id":38734,"href":"https:\/\/lamendigapolitica.com\/index.php?rest_route=\/wp\/v2\/posts\/38732\/revisions\/38734"}],"wp:attachment":[{"href":"https:\/\/lamendigapolitica.com\/index.php?rest_route=%2Fwp%2Fv2%2Fmedia&parent=38732"}],"wp:term":[{"taxonomy":"category","embeddable":true,"href":"https:\/\/lamendigapolitica.com\/index.php?rest_route=%2Fwp%2Fv2%2Fcategories&post=38732"},{"taxonomy":"post_tag","embeddable":true,"href":"https:\/\/lamendigapolitica.com\/index.php?rest_route=%2Fwp%2Fv2%2Ftags&post=38732"}],"curies":[{"name":"wp","href":"https:\/\/api.w.org\/{rel}","templated":true}]}}